{"id":1917,"date":"2024-02-27T14:39:07","date_gmt":"2024-02-27T14:39:07","guid":{"rendered":"https:\/\/sports.bourgognefranchecomte.fr\/?p=1917"},"modified":"2024-06-11T09:27:26","modified_gmt":"2024-06-11T09:27:26","slug":"mathilde-gautier-reve-grand","status":"publish","type":"post","link":"https:\/\/sports.bourgognefranchecomte.fr\/index.php\/mathilde-gautier-reve-grand\/","title":{"rendered":"Mathilde Gautier r\u00eavait grand&#8230;"},"content":{"rendered":"<p>[et_pb_section fb_built=\u00a0\u00bb1&Prime; _builder_version=\u00a0\u00bb4.24.1&Prime; _module_preset=\u00a0\u00bbdefault\u00a0\u00bb min_height=\u00a0\u00bb1497.5px\u00a0\u00bb custom_margin=\u00a0\u00bb7px|||||\u00a0\u00bb custom_padding=\u00a0\u00bb59px|||||\u00a0\u00bb global_colors_info=\u00a0\u00bb{}\u00a0\u00bb][et_pb_row _builder_version=\u00a0\u00bb4.24.1&Prime; _module_preset=\u00a0\u00bbdefault\u00a0\u00bb min_height=\u00a0\u00bb1487.5px\u00a0\u00bb custom_margin=\u00a0\u00bb-56px|auto||auto||\u00a0\u00bb custom_padding=\u00a0\u00bb||0px|||\u00a0\u00bb global_colors_info=\u00a0\u00bb{}\u00a0\u00bb][et_pb_column type=\u00a0\u00bb4_4&Prime; _builder_version=\u00a0\u00bb4.24.1&Prime; _module_preset=\u00a0\u00bbdefault\u00a0\u00bb global_colors_info=\u00a0\u00bb{}\u00a0\u00bb][et_pb_text _builder_version=\u00a0\u00bb4.25.1&Prime; _module_preset=\u00a0\u00bbdefault\u00a0\u00bb global_colors_info=\u00a0\u00bb{}\u00a0\u00bb]<\/p>\n<p><strong>A bient\u00f4t 30 ans, la triathl\u00e8te du Tri Val de Gray (Haute-Sa\u00f4ne) \u00e9tait en course pour une qualification \u00e0 Paris 2024. Malheureusement, elle ne participera pas \u00e0 la grande f\u00eate olympique.<\/strong><\/p>\n<p>[\/et_pb_text][et_pb_text _builder_version=\u00a0\u00bb4.25.1&Prime; _module_preset=\u00a0\u00bbdefault\u00a0\u00bb global_colors_info=\u00a0\u00bb{}\u00a0\u00bb]<\/p>\n<p>Elle court sous les couleurs du Tri Val de Gray triathlon parce que ce club haut-sa\u00f4nois r\u00e9unit tous les crit\u00e8res qu\u2019elle recherchait et parce qu\u2019elle y trouve une ambiance familiale favorable \u00e0 son \u00e9panouissement. Les r\u00e9sultats suivent : depuis plusieurs saisons, Mathilde fait figure de r\u00e9f\u00e9rence dans le milieu du triathlon.<br \/>En ao\u00fbt dernier, la d\u00e9j\u00e0 championne du monde militaire a remport\u00e9 le titre europ\u00e9en \u00e0 Balikesir (Turquie). Nouvelle cons\u00e9cration m\u00e9rit\u00e9e pour Mathilde. Apr\u00e8s ce succ\u00e8s probant, elle a fait durer le plaisir en \u00e9tirant sa saison jusqu\u2019au 12 novembre, avec une manche de Coupe du monde au Chili, alors que beaucoup de triathl\u00e8tes en avaient d\u00e9j\u00e0 termin\u00e9 avec 2023. <em>\u00ab\u00a0Comme j\u2019ai coup\u00e9 tard, j\u2019ai repris l\u2019entrainement en janvier, avec un programme lourd, entre 28 et 30 heures par semaine.\u00a0\u00bb<\/em><\/p>\n<p>[\/et_pb_text][et_pb_testimonial portrait_url=\u00a0\u00bbhttps:\/\/sports.bourgognefranchecomte.fr\/wp-content\/uploads\/2024\/02\/28c60491-820c-4d51-be8e-cac9e67d9398.jpeg\u00a0\u00bb _builder_version=\u00a0\u00bb4.25.1&Prime; _module_preset=\u00a0\u00bbdefault\u00a0\u00bb min_height=\u00a0\u00bb135px\u00a0\u00bb custom_padding=\u00a0\u00bb17px||0px|||\u00a0\u00bb global_colors_info=\u00a0\u00bb{}\u00a0\u00bb]<\/p>\n<div class=\"paragraph paragraph--type--quote paragraph--view-mode--default\">\n<div>\n<blockquote class=\"field field--name-field-text field--type-text-long field--label-hidden field__item\">\n<p><em>Paris 2024 \u00e9tait un grand r\u00eave. Je pense que dans la vie, il faut r\u00eaver grand et avancer par petits pas<\/em>. <em>Je sens que je suis dans la bonne direction, mais ce n\u2019est pas Paris 2024, \u00e7a sera Los Angeles 2028 !\u00a0<\/em><\/p>\n<\/blockquote>\n<\/div>\n<\/div>\n<p>[\/et_pb_testimonial][et_pb_text _builder_version=\u00a0\u00bb4.25.1&Prime; _module_preset=\u00a0\u00bbdefault\u00a0\u00bb min_height=\u00a0\u00bb355.8px\u00a0\u00bb custom_margin=\u00a0\u00bb37px|||||\u00a0\u00bb custom_padding=\u00a0\u00bb9px|||||\u00a0\u00bb global_colors_info=\u00a0\u00bb{}\u00a0\u00bb]<\/p>\n<p>L\u2019objectif, en cette ann\u00e9e \u00e9videment particuli\u00e8re que tout le monde a coch\u00e9e sur son agenda, c&rsquo;\u00e9tait d\u2019accumuler de la \u00ab caisse \u00bb, du \u00ab fond \u00bb, du \u00ab volume \u00bb pour \u00eatre au top au moment de la reprise de la comp\u00e9tition, au printemps.<br \/>Sa pr\u00e9paration fonci\u00e8re, Mathilde l\u2019a effectu\u00e9 au P\u00f4le France de Boulouris \u00e0 Saint-Rapha\u00ebl (Var) o\u00f9 les conditions sont plus adapt\u00e9es aux efforts longs qu\u2019elle doit fournir \u00e0 longueur de journ\u00e9e. Natation, cyclisme, course \u00e0 pied, il s\u2019agissait d\u2019accumuler les kilom\u00e8tres et de veiller \u00e0 bien manger et bien dormir. <em>\u00ab\u00a0On m\u00e8ne une vie de rigueur, sans extra car, sinon, on le paie automatiquement\u00a0! Du coup, notre vie sociale est limit\u00e9e<\/em> <em>mais je ne le regrette pas. Je me rattraperai plus tard ! \u00bb <\/em>expliquait-elle.\u00a0<em><br \/><\/em>Dans la course \u00e0 la qualification pour Paris 2024, Mathilde avouait accuser un peu de retard sur les trois filles qui se d\u00e9tachent dans la hi\u00e9rarchie nationale. Probl\u00e8me : il n\u2019y a que\u2026 trois places pour les Bleues. Et malheureusement, la f\u00e9d\u00e9ration a reenu sans surprise Cassandre Beaugrand, L\u00e9onie Periault et Emma Lombardi.<em><br \/><\/em>Le 31 juillet prochain, Mathilde Gautier ne sautera pas du Pont Alexandre III, \u00e0 Paris, pour plonger dans la Seine et vivre son grand r\u00eave&#8230; Un r\u00eave qui aurait dur\u00e9 approximativement deux heures et vingt minutes, le temps d\u2019avaler 1 500 m\u00e8tres en natation, 40 kilom\u00e8tres en v\u00e9lo et 10 kilom\u00e8tres en course \u00e0 pied. Du coup, rendez-vous est pris pour 2028.<\/p>\n<p>&nbsp;<\/p>\n<p><strong>Mathilde Gautier, triathlon (70)<\/strong><\/p>\n<p>&nbsp;<\/p>\n<ul>\n<li>29 ans<\/li>\n<li>N\u00e9e le 1er janvier 1995<\/li>\n<li>Club actuel : Tri Val de Gray triathlon<\/li>\n<\/ul>\n<p>[\/et_pb_text][\/et_pb_column][\/et_pb_row][\/et_pb_section]<\/p>\n","protected":false},"excerpt":{"rendered":"<p>A bient\u00f4t 30 ans, la triathl\u00e8te du Tri Val de Gray (Haute-Sa\u00f4ne) \u00e9tait en course pour une qualification \u00e0 Paris 2024. Malheureusement, elle ne participera pas \u00e0 la grande f\u00eate olympique.<\/p>\n","protected":false},"author":6,"featured_media":1922,"comment_status":"closed","ping_status":"open","sticky":true,"template":"","format":"standard","meta":{"_et_pb_use_builder":"on","_et_pb_old_content":"","_et_gb_content_width":"","footnotes":""},"categories":[26],"tags":[],"class_list":["post-1917","post","type-post","status-publish","format-standard","has-post-thumbnail","hentry","category-athlete-olympique"],"publishpress_future_action":{"enabled":false,"date":"2026-05-06 21:39:12","action":"change-status","newStatus":"private","terms":[],"taxonomy":"category","extraData":[]},"publishpress_future_workflow_manual_trigger":{"enabledWorkflows":[]},"_links":{"self":[{"href":"https:\/\/sports.bourgognefranchecomte.fr\/index.php\/wp-json\/wp\/v2\/posts\/1917","targetHints":{"allow":["GET"]}}],"collection":[{"href":"https:\/\/sports.bourgognefranchecomte.fr\/index.php\/wp-json\/wp\/v2\/posts"}],"about":[{"href":"https:\/\/sports.bourgognefranchecomte.fr\/index.php\/wp-json\/wp\/v2\/types\/post"}],"author":[{"embeddable":true,"href":"https:\/\/sports.bourgognefranchecomte.fr\/index.php\/wp-json\/wp\/v2\/users\/6"}],"replies":[{"embeddable":true,"href":"https:\/\/sports.bourgognefranchecomte.fr\/index.php\/wp-json\/wp\/v2\/comments?post=1917"}],"version-history":[{"count":16,"href":"https:\/\/sports.bourgognefranchecomte.fr\/index.php\/wp-json\/wp\/v2\/posts\/1917\/revisions"}],"predecessor-version":[{"id":3515,"href":"https:\/\/sports.bourgognefranchecomte.fr\/index.php\/wp-json\/wp\/v2\/posts\/1917\/revisions\/3515"}],"wp:featuredmedia":[{"embeddable":true,"href":"https:\/\/sports.bourgognefranchecomte.fr\/index.php\/wp-json\/wp\/v2\/media\/1922"}],"wp:attachment":[{"href":"https:\/\/sports.bourgognefranchecomte.fr\/index.php\/wp-json\/wp\/v2\/media?parent=1917"}],"wp:term":[{"taxonomy":"category","embeddable":true,"href":"https:\/\/sports.bourgognefranchecomte.fr\/index.php\/wp-json\/wp\/v2\/categories?post=1917"},{"taxonomy":"post_tag","embeddable":true,"href":"https:\/\/sports.bourgognefranchecomte.fr\/index.php\/wp-json\/wp\/v2\/tags?post=1917"}],"curies":[{"name":"wp","href":"https:\/\/api.w.org\/{rel}","templated":true}]}}