{"id":2300,"date":"2024-03-19T08:26:46","date_gmt":"2024-03-19T08:26:46","guid":{"rendered":"https:\/\/sports.bourgognefranchecomte.fr\/?p=2300"},"modified":"2024-07-19T13:57:11","modified_gmt":"2024-07-19T13:57:11","slug":"alexis-miellet","status":"publish","type":"post","link":"https:\/\/sports.bourgognefranchecomte.fr\/index.php\/alexis-miellet\/","title":{"rendered":"Alexis Miellet, un espoir"},"content":{"rendered":"<p>[et_pb_section fb_built=\u00a0\u00bb1&Prime; _builder_version=\u00a0\u00bb4.24.1&Prime; _module_preset=\u00a0\u00bbdefault\u00a0\u00bb min_height=\u00a0\u00bb1497.5px\u00a0\u00bb custom_margin=\u00a0\u00bb7px|||||\u00a0\u00bb custom_padding=\u00a0\u00bb59px|||||\u00a0\u00bb global_colors_info=\u00a0\u00bb{}\u00a0\u00bb][et_pb_row _builder_version=\u00a0\u00bb4.24.1&Prime; _module_preset=\u00a0\u00bbdefault\u00a0\u00bb min_height=\u00a0\u00bb1487.5px\u00a0\u00bb custom_margin=\u00a0\u00bb-56px|auto||auto||\u00a0\u00bb custom_padding=\u00a0\u00bb26px||0px|||\u00a0\u00bb global_colors_info=\u00a0\u00bb{}\u00a0\u00bb][et_pb_column type=\u00a0\u00bb4_4&Prime; _builder_version=\u00a0\u00bb4.24.1&Prime; _module_preset=\u00a0\u00bbdefault\u00a0\u00bb global_colors_info=\u00a0\u00bb{}\u00a0\u00bb][et_pb_text _builder_version=\u00a0\u00bb4.25.1&Prime; _module_preset=\u00a0\u00bbdefault\u00a0\u00bb hover_enabled=\u00a0\u00bb0&Prime; global_colors_info=\u00a0\u00bb{}\u00a0\u00bb sticky_enabled=\u00a0\u00bb0&Prime;][\/et_pb_text][et_pb_text _builder_version=\u00a0\u00bb4.25.2&Prime; _module_preset=\u00a0\u00bbdefault\u00a0\u00bb min_height=\u00a0\u00bb350.6px\u00a0\u00bb custom_margin=\u00a0\u00bb-41px|||||\u00a0\u00bb hover_enabled=\u00a0\u00bb0&Prime; global_colors_info=\u00a0\u00bb{}\u00a0\u00bb sticky_enabled=\u00a0\u00bb0&Prime;]<\/p>\n<p><strong>Apr\u00e8s des JO 2021 en demi-teinte, le Dijonnais vivra Paris 2024, son objectif de carri\u00e8re.<br \/><\/strong><\/p>\n<p>Alexis Miellet a tout mis en \u0153uvre pour arriver en forme cet \u00e9t\u00e9. Comme \u00e0 son habitude, il a sorti une grosse saison hivernale en cross-country, valid\u00e9e par un titre de champion d\u2019Europe en relais mixte \u00e0 Bruxelles et un titre de champion de France en fin d\u2019ann\u00e9e 2023.<br \/>Ancien coureur de 1 500 m, il a d\u00e9cid\u00e9 de \u00ab\u00a0monter\u00a0\u00bb sur le 3000 steeple. Avec un succ\u00e8s magistral !<br \/>Alexis a sign\u00e9 un chrono retentissant de 8&rsquo;14&Prime;71 le 22 mai lors du meeting de Marseille. Alors qu&rsquo;il disputait seulement la deuxi\u00e8me course de sa carri\u00e8re dans cette sp\u00e9cialit\u00e9&#8230;<br \/>Encore mieux, il est devenu champion d&rsquo;Europe le 10 juin \u00e0 Rome en abaissant \u00e0 nouveau son record personnel \u00e0 8&rsquo;14&Prime;01, en dessous des minima fix\u00e9s \u00e0 8&rsquo;15&Prime;00. <br \/>Restait \u00e0 valider ces performances lors des \u00ab\u00a0France\u00a0\u00bb \u00e0 Angers. Chose faite malgr\u00e9 une petite blessure qui a failli tout g\u00e2cher. Ouf !<br \/>Si tout va bien au niveau physique, il peut raisonablement viser une qualification en finale \u00e0 Paris.<\/p>\n<p>&nbsp;<\/p>\n<p><strong>Alexis Miellet, <span>athl\u00e9tisme<\/span>, 3 000 steeple (21)<\/strong><\/p>\n<ul>\n<li>29 ans<\/li>\n<li>N\u00e9 le 5 mai 1995 \u00e0 Dijon<\/li>\n<li>Champion d\u2019Europe (relais mixte) en 2023<\/li>\n<li>Champion de France 2018, 2019, 2020<\/li>\n<li>Champion d&rsquo;Europe 2024<\/li>\n<li>Participation aux JO de Tokyo, sur 1 500 m, en 2021 (\u00e9limin\u00e9 d\u00e8s les s\u00e9ries)<\/li>\n<li>Licenci\u00e9 au Dijon Universit\u00e9 Club (DUC)<\/li>\n<\/ul>\n<p>&nbsp;<\/p>\n<p>[\/et_pb_text][\/et_pb_column][\/et_pb_row][\/et_pb_section]<\/p>\n","protected":false},"excerpt":{"rendered":"<p>Le Dijonnais Alexis Miellet a fait des jeux de Paris 2024 son objectif de carri\u00e8re.<\/p>\n","protected":false},"author":6,"featured_media":2318,"comment_status":"closed","ping_status":"open","sticky":false,"template":"","format":"standard","meta":{"_et_pb_use_builder":"on","_et_pb_old_content":"","_et_gb_content_width":"","footnotes":""},"categories":[26],"tags":[31],"class_list":["post-2300","post","type-post","status-publish","format-standard","has-post-thumbnail","hentry","category-athlete-olympique","tag-qualifie"],"publishpress_future_action":{"enabled":false,"date":"2026-05-07 00:37:48","action":"change-status","newStatus":"private","terms":[],"taxonomy":"category","extraData":[]},"publishpress_future_workflow_manual_trigger":{"enabledWorkflows":[]},"_links":{"self":[{"href":"https:\/\/sports.bourgognefranchecomte.fr\/index.php\/wp-json\/wp\/v2\/posts\/2300","targetHints":{"allow":["GET"]}}],"collection":[{"href":"https:\/\/sports.bourgognefranchecomte.fr\/index.php\/wp-json\/wp\/v2\/posts"}],"about":[{"href":"https:\/\/sports.bourgognefranchecomte.fr\/index.php\/wp-json\/wp\/v2\/types\/post"}],"author":[{"embeddable":true,"href":"https:\/\/sports.bourgognefranchecomte.fr\/index.php\/wp-json\/wp\/v2\/users\/6"}],"replies":[{"embeddable":true,"href":"https:\/\/sports.bourgognefranchecomte.fr\/index.php\/wp-json\/wp\/v2\/comments?post=2300"}],"version-history":[{"count":29,"href":"https:\/\/sports.bourgognefranchecomte.fr\/index.php\/wp-json\/wp\/v2\/posts\/2300\/revisions"}],"predecessor-version":[{"id":3827,"href":"https:\/\/sports.bourgognefranchecomte.fr\/index.php\/wp-json\/wp\/v2\/posts\/2300\/revisions\/3827"}],"wp:featuredmedia":[{"embeddable":true,"href":"https:\/\/sports.bourgognefranchecomte.fr\/index.php\/wp-json\/wp\/v2\/media\/2318"}],"wp:attachment":[{"href":"https:\/\/sports.bourgognefranchecomte.fr\/index.php\/wp-json\/wp\/v2\/media?parent=2300"}],"wp:term":[{"taxonomy":"category","embeddable":true,"href":"https:\/\/sports.bourgognefranchecomte.fr\/index.php\/wp-json\/wp\/v2\/categories?post=2300"},{"taxonomy":"post_tag","embeddable":true,"href":"https:\/\/sports.bourgognefranchecomte.fr\/index.php\/wp-json\/wp\/v2\/tags?post=2300"}],"curies":[{"name":"wp","href":"https:\/\/api.w.org\/{rel}","templated":true}]}}