{"id":2325,"date":"2024-03-19T14:28:37","date_gmt":"2024-03-19T14:28:37","guid":{"rendered":"https:\/\/sports.bourgognefranchecomte.fr\/?p=2325"},"modified":"2024-06-11T08:50:20","modified_gmt":"2024-06-11T08:50:20","slug":"vincent-luis","status":"publish","type":"post","link":"https:\/\/sports.bourgognefranchecomte.fr\/index.php\/vincent-luis\/","title":{"rendered":"Vincent Luis victime de la concurrence"},"content":{"rendered":"<p>[et_pb_section fb_built=\u00a0\u00bb1&Prime; _builder_version=\u00a0\u00bb4.24.1&Prime; _module_preset=\u00a0\u00bbdefault\u00a0\u00bb min_height=\u00a0\u00bb1497.5px\u00a0\u00bb custom_margin=\u00a0\u00bb7px|||||\u00a0\u00bb custom_padding=\u00a0\u00bb59px|||||\u00a0\u00bb global_colors_info=\u00a0\u00bb{}\u00a0\u00bb][et_pb_row _builder_version=\u00a0\u00bb4.24.1&Prime; _module_preset=\u00a0\u00bbdefault\u00a0\u00bb min_height=\u00a0\u00bb1487.5px\u00a0\u00bb custom_margin=\u00a0\u00bb-56px|auto||auto||\u00a0\u00bb custom_padding=\u00a0\u00bb||0px|||\u00a0\u00bb global_colors_info=\u00a0\u00bb{}\u00a0\u00bb][et_pb_column type=\u00a0\u00bb4_4&Prime; _builder_version=\u00a0\u00bb4.24.1&Prime; _module_preset=\u00a0\u00bbdefault\u00a0\u00bb global_colors_info=\u00a0\u00bb{}\u00a0\u00bb][et_pb_text _builder_version=\u00a0\u00bb4.25.1&Prime; _module_preset=\u00a0\u00bbdefault\u00a0\u00bb global_colors_info=\u00a0\u00bb{}\u00a0\u00bb]<\/p>\n<p><span><strong>A bient\u00f4t 35 ans, Vincent Luis n\u2019avait plus le temps d\u2019attendre. Paris 2024 \u00e9tait sans doute sa derni\u00e8re chance de gagner une m\u00e9daille olympique en individuel. Il n&rsquo;en sera pas&#8230;<\/strong><\/span><\/p>\n<p>Avant de briller sur les routes de la ville lumi\u00e8re, le V\u00e9sulien devait d\u2019abord se qualifier. <span>9<\/span><sup>e\u00a0<\/sup><span> \u00e0 Yokohama (Japon) d\u00e9but mai, 9<sup>e<\/sup> \u00e9galement \u00e0 Cagliari (Italie) fin mai, Vincent a du attendre le mercredi <\/span><span>5 juin et la publication de la liste des heureux \u00e9lus pour Paris 2024. Malheureusement, ils \u00e9taient quatre pour trois places et Vincent Luis endosse le mauvais r\u00f4le ! Pierre Le Corre, Dorian Coninx et L\u00e9o Berg\u00e8re sont s\u00e9lectionn\u00e9s tandis que le Haut-Sa\u00f4nois regardera les JO depuis chez lui. C&rsquo;est cruel.<\/span><\/p>\n<p><span><strong><\/strong><\/span><\/p>\n<p><span><strong>Vincent Luis, triathlon (70)<br \/><\/strong><\/span><strong><span><br \/><\/span><\/strong><\/p>\n<ul>\n<li>34 ans<\/li>\n<li>N\u00e9 le 27 juin 1989 \u00e0 Vesoul <strong><\/strong><\/li>\n<li><strong><span> <\/span><\/strong>Champion du monde individuel 2019 et 2020<\/li>\n<li><span> <\/span>Quadruple champion du monde en relais mixte (2015, 2018, 2019, 2022)<\/li>\n<li><span> <\/span>M\u00e9daille de bronze en relais mixte aux JO de Tokyo en 2021<\/li>\n<li><span> <\/span>6 victoires en Super League<\/li>\n<li>11<sup>e<\/sup> \u00e0 Londres en 2012<\/li>\n<li>7<sup>e<\/sup> \u00e0 Rio en 2016<\/li>\n<li>13<sup>e<\/sup> \u00e0 Tokyo en 2021<\/li>\n<li>A port\u00e9 les couleurs du Groupe Triathlon Vesoul Haute-Sa\u00f4ne de 2001 \u00e0 2007<span><\/span><\/li>\n<\/ul>\n<p>[\/et_pb_text][\/et_pb_column][\/et_pb_row][\/et_pb_section]<\/p>\n","protected":false},"excerpt":{"rendered":"<p>A bient\u00f4t 35 ans, Vincent Luis n\u2019avait plus le temps d\u2019attendre. Paris 2024 \u00e9tait sans doute sa derni\u00e8re chance de gagner une m\u00e9daille olympique en individuel. Il n&rsquo;en sera pas&#8230;<\/p>\n","protected":false},"author":6,"featured_media":2328,"comment_status":"closed","ping_status":"open","sticky":false,"template":"","format":"standard","meta":{"_et_pb_use_builder":"on","_et_pb_old_content":"","_et_gb_content_width":"","footnotes":""},"categories":[26],"tags":[],"class_list":["post-2325","post","type-post","status-publish","format-standard","has-post-thumbnail","hentry","category-athlete-olympique"],"publishpress_future_action":{"enabled":false,"date":"2026-05-10 18:33:38","action":"change-status","newStatus":"private","terms":[],"taxonomy":"category","extraData":[]},"publishpress_future_workflow_manual_trigger":{"enabledWorkflows":[]},"_links":{"self":[{"href":"https:\/\/sports.bourgognefranchecomte.fr\/index.php\/wp-json\/wp\/v2\/posts\/2325","targetHints":{"allow":["GET"]}}],"collection":[{"href":"https:\/\/sports.bourgognefranchecomte.fr\/index.php\/wp-json\/wp\/v2\/posts"}],"about":[{"href":"https:\/\/sports.bourgognefranchecomte.fr\/index.php\/wp-json\/wp\/v2\/types\/post"}],"author":[{"embeddable":true,"href":"https:\/\/sports.bourgognefranchecomte.fr\/index.php\/wp-json\/wp\/v2\/users\/6"}],"replies":[{"embeddable":true,"href":"https:\/\/sports.bourgognefranchecomte.fr\/index.php\/wp-json\/wp\/v2\/comments?post=2325"}],"version-history":[{"count":14,"href":"https:\/\/sports.bourgognefranchecomte.fr\/index.php\/wp-json\/wp\/v2\/posts\/2325\/revisions"}],"predecessor-version":[{"id":3498,"href":"https:\/\/sports.bourgognefranchecomte.fr\/index.php\/wp-json\/wp\/v2\/posts\/2325\/revisions\/3498"}],"wp:featuredmedia":[{"embeddable":true,"href":"https:\/\/sports.bourgognefranchecomte.fr\/index.php\/wp-json\/wp\/v2\/media\/2328"}],"wp:attachment":[{"href":"https:\/\/sports.bourgognefranchecomte.fr\/index.php\/wp-json\/wp\/v2\/media?parent=2325"}],"wp:term":[{"taxonomy":"category","embeddable":true,"href":"https:\/\/sports.bourgognefranchecomte.fr\/index.php\/wp-json\/wp\/v2\/categories?post=2325"},{"taxonomy":"post_tag","embeddable":true,"href":"https:\/\/sports.bourgognefranchecomte.fr\/index.php\/wp-json\/wp\/v2\/tags?post=2325"}],"curies":[{"name":"wp","href":"https:\/\/api.w.org\/{rel}","templated":true}]}}