{"id":2381,"date":"2024-03-19T15:34:38","date_gmt":"2024-03-19T15:34:38","guid":{"rendered":"https:\/\/sports.bourgognefranchecomte.fr\/?p=2381"},"modified":"2024-06-11T08:49:33","modified_gmt":"2024-06-11T08:49:33","slug":"antoine-griezmann","status":"publish","type":"post","link":"https:\/\/sports.bourgognefranchecomte.fr\/index.php\/antoine-griezmann\/","title":{"rendered":"Antoine Griezmann, la m\u00e9daille apr\u00e8s l&rsquo;\u00e9toile ?"},"content":{"rendered":"<p>[et_pb_section fb_built=\u00a0\u00bb1&Prime; _builder_version=\u00a0\u00bb4.24.1&Prime; _module_preset=\u00a0\u00bbdefault\u00a0\u00bb min_height=\u00a0\u00bb1497.5px\u00a0\u00bb custom_margin=\u00a0\u00bb7px|||||\u00a0\u00bb custom_padding=\u00a0\u00bb59px|||||\u00a0\u00bb global_colors_info=\u00a0\u00bb{}\u00a0\u00bb][et_pb_row _builder_version=\u00a0\u00bb4.24.1&Prime; _module_preset=\u00a0\u00bbdefault\u00a0\u00bb min_height=\u00a0\u00bb1487.5px\u00a0\u00bb custom_margin=\u00a0\u00bb-56px|auto||auto||\u00a0\u00bb custom_padding=\u00a0\u00bb25px||0px|||\u00a0\u00bb global_colors_info=\u00a0\u00bb{}\u00a0\u00bb][et_pb_column type=\u00a0\u00bb4_4&Prime; _builder_version=\u00a0\u00bb4.24.1&Prime; _module_preset=\u00a0\u00bbdefault\u00a0\u00bb global_colors_info=\u00a0\u00bb{}\u00a0\u00bb][et_pb_text _builder_version=\u00a0\u00bb4.25.1&Prime; _module_preset=\u00a0\u00bbdefault\u00a0\u00bb hover_enabled=\u00a0\u00bb0&Prime; global_colors_info=\u00a0\u00bb{}\u00a0\u00bb sticky_enabled=\u00a0\u00bb0&Prime;][\/et_pb_text][et_pb_text _builder_version=\u00a0\u00bb4.24.2&Prime; _module_preset=\u00a0\u00bbdefault\u00a0\u00bb min_height=\u00a0\u00bb469.6px\u00a0\u00bb custom_margin=\u00a0\u00bb-41px||-278px|||\u00a0\u00bb global_colors_info=\u00a0\u00bb{}\u00a0\u00bb]<\/p>\n<p><span><strong>D\u00e9j\u00e0 devenu une l\u00e9gende du foot, le M\u00e2connais Antoine Griezmann souhaite enjoliver son immense carri\u00e8re avec une m\u00e9daille olympique.<\/strong><br \/><\/span><\/p>\n<p><span>Petit-fils de de footballeur professionnel portugais, fils d&rsquo;Alain Griezmann, pr\u00e9sident de l&rsquo;UF M\u00e2connais (National 2), Antoine tape dans ses premiers ballons \u00e0 l&rsquo;Ecole de foot du club familial, jusqu&rsquo;en<\/span> 2005 et ne manque jamais l&rsquo;occasion de placer le nom de sa ville natale dans ses interviews.<br \/>A 14 ans, signe d&rsquo;une volont\u00e9 de r\u00e9ussir exceptionnelle, il s\u2019envole pour l\u2019Espagne, recrut\u00e9 par la Real Sociedad, non sans avoir \u00e9t\u00e9 \u00e9conduit par une demi-douzaine de clubs fran\u00e7ais qui le trouvaient trop ch\u00e9tif.<br \/>Depuis 2014, il \u00e9volue \u00e0 l\u2019Athletico de Madrid, hormis un passage mitig\u00e9 au FC Barcelone de 2019 \u00e0 2021, devenant d\u00e9but 2024 le meilleur marqueur de l\u2019histoire du club avec 173 buts.<br \/>Chez les Bleus, hormis son incroyable sens du jeu, ses prouesses techniques et ses nombreux buts (44), Grisou a r\u00e9ussi l&rsquo;exploit de disputer 84 rencontres \u00e0 la suite. Un exploit unique ! Apr\u00e8s l\u2019\u00e9toile de 2018, il r\u00eave d&rsquo;une m\u00e9daille. Le champion du monde 2018 assure vouloir <em>\u00ab tout faire pour participer \u00bb<\/em> aux Jeux olympiques de Paris cet \u00e9t\u00e9. A 33 ans, le Colchonero pourrait \u00eatre l&rsquo;un des trois joueurs de plus de 23 ans autoris\u00e9s \u00e0 int\u00e9grer la s\u00e9lection de 18 joueurs convoqu\u00e9e par le s\u00e9lectionneur Thierry Henry.<\/p>\n<p><span><strong><br \/>Antoine Griezmann, football (71)<\/strong><\/span><\/p>\n<ul>\n<li>33 ans<\/li>\n<li>N\u00e9 le 21 mars 1991 \u00e0 M\u00e2con<\/li>\n<li>Champion du monde 2018<\/li>\n<li><span> <\/span>Vice-champion du monde 2022<\/li>\n<li><span> <\/span>Vice-champion d\u2019Europe 2016<\/li>\n<li><span> <\/span>Vainqueur de la Ligue Europa 2018<\/li>\n<li><span> <\/span>Finaliste de la Ligue des Champions 2016<br \/><span>\u00a0<\/span><\/li>\n<\/ul>\n<p>[\/et_pb_text][\/et_pb_column][\/et_pb_row][\/et_pb_section]<\/p>\n","protected":false},"excerpt":{"rendered":"<p>D\u00e9j\u00e0 devenu une l\u00e9gende du foot, le M\u00e2connais Antoine Griezmann souhaite enjoliver son immense carri\u00e8re avec une m\u00e9daille olympique.<\/p>\n","protected":false},"author":6,"featured_media":2385,"comment_status":"closed","ping_status":"open","sticky":false,"template":"","format":"standard","meta":{"_et_pb_use_builder":"on","_et_pb_old_content":"","_et_gb_content_width":"","footnotes":""},"categories":[26],"tags":[],"class_list":["post-2381","post","type-post","status-publish","format-standard","has-post-thumbnail","hentry","category-athlete-olympique"],"publishpress_future_action":{"enabled":false,"date":"2026-05-07 00:55:55","action":"change-status","newStatus":"private","terms":[],"taxonomy":"category","extraData":[]},"publishpress_future_workflow_manual_trigger":{"enabledWorkflows":[]},"_links":{"self":[{"href":"https:\/\/sports.bourgognefranchecomte.fr\/index.php\/wp-json\/wp\/v2\/posts\/2381","targetHints":{"allow":["GET"]}}],"collection":[{"href":"https:\/\/sports.bourgognefranchecomte.fr\/index.php\/wp-json\/wp\/v2\/posts"}],"about":[{"href":"https:\/\/sports.bourgognefranchecomte.fr\/index.php\/wp-json\/wp\/v2\/types\/post"}],"author":[{"embeddable":true,"href":"https:\/\/sports.bourgognefranchecomte.fr\/index.php\/wp-json\/wp\/v2\/users\/6"}],"replies":[{"embeddable":true,"href":"https:\/\/sports.bourgognefranchecomte.fr\/index.php\/wp-json\/wp\/v2\/comments?post=2381"}],"version-history":[{"count":13,"href":"https:\/\/sports.bourgognefranchecomte.fr\/index.php\/wp-json\/wp\/v2\/posts\/2381\/revisions"}],"predecessor-version":[{"id":3496,"href":"https:\/\/sports.bourgognefranchecomte.fr\/index.php\/wp-json\/wp\/v2\/posts\/2381\/revisions\/3496"}],"wp:featuredmedia":[{"embeddable":true,"href":"https:\/\/sports.bourgognefranchecomte.fr\/index.php\/wp-json\/wp\/v2\/media\/2385"}],"wp:attachment":[{"href":"https:\/\/sports.bourgognefranchecomte.fr\/index.php\/wp-json\/wp\/v2\/media?parent=2381"}],"wp:term":[{"taxonomy":"category","embeddable":true,"href":"https:\/\/sports.bourgognefranchecomte.fr\/index.php\/wp-json\/wp\/v2\/categories?post=2381"},{"taxonomy":"post_tag","embeddable":true,"href":"https:\/\/sports.bourgognefranchecomte.fr\/index.php\/wp-json\/wp\/v2\/tags?post=2381"}],"curies":[{"name":"wp","href":"https:\/\/api.w.org\/{rel}","templated":true}]}}