{"id":2389,"date":"2024-03-19T15:45:23","date_gmt":"2024-03-19T15:45:23","guid":{"rendered":"https:\/\/sports.bourgognefranchecomte.fr\/?p=2389"},"modified":"2024-07-14T12:05:12","modified_gmt":"2024-07-14T12:05:12","slug":"romain-gregoire","status":"publish","type":"post","link":"https:\/\/sports.bourgognefranchecomte.fr\/index.php\/romain-gregoire\/","title":{"rendered":"Romain Gr\u00e9goire, le brillant polyvalent"},"content":{"rendered":"<p>[et_pb_section fb_built=\u00a0\u00bb1&Prime; _builder_version=\u00a0\u00bb4.24.1&Prime; _module_preset=\u00a0\u00bbdefault\u00a0\u00bb min_height=\u00a0\u00bb1497.5px\u00a0\u00bb custom_margin=\u00a0\u00bb7px|||||\u00a0\u00bb custom_padding=\u00a0\u00bb59px|||||\u00a0\u00bb global_colors_info=\u00a0\u00bb{}\u00a0\u00bb][et_pb_row _builder_version=\u00a0\u00bb4.24.1&Prime; _module_preset=\u00a0\u00bbdefault\u00a0\u00bb min_height=\u00a0\u00bb1487.5px\u00a0\u00bb custom_margin=\u00a0\u00bb-56px|auto||auto||\u00a0\u00bb custom_padding=\u00a0\u00bb25px||0px|||\u00a0\u00bb global_colors_info=\u00a0\u00bb{}\u00a0\u00bb][et_pb_column type=\u00a0\u00bb4_4&Prime; _builder_version=\u00a0\u00bb4.24.1&Prime; _module_preset=\u00a0\u00bbdefault\u00a0\u00bb global_colors_info=\u00a0\u00bb{}\u00a0\u00bb][et_pb_text _builder_version=\u00a0\u00bb4.25.2&Prime; _module_preset=\u00a0\u00bbdefault\u00a0\u00bb min_height=\u00a0\u00bb444.6px\u00a0\u00bb custom_margin=\u00a0\u00bb-41px||-278px|||\u00a0\u00bb hover_enabled=\u00a0\u00bb0&Prime; global_colors_info=\u00a0\u00bb{}\u00a0\u00bb sticky_enabled=\u00a0\u00bb0&Prime;]<\/p>\n<p><strong>Le jeune cycliste form\u00e9 \u00e0 Besan\u00e7on (ASPTT puis AC Bisontine) a d\u00e9j\u00e0 gagn\u00e9 sur tous les terrains. A 21 ans, il a l&rsquo;avenir devant lui.<\/strong><\/p>\n<p>Il y a des signes qui ne trompent pas. Parmi les tr\u00e8s grands espoirs du cyclisme fran\u00e7ais, le jeune Doubien dispute son premier Tour de France \u00e0 seulement 21 ans, puisqu&rsquo;il a gagn\u00e9 la confiance de son directeur sportif Marc Madiot. L&rsquo;occasion de se tester sur grand cols, l\u00e0 o\u00f9 il dispose d&rsquo;axes de progr\u00e8s.<br \/>D\u00e9j\u00e0 13<sup>e<\/sup> de Tirreno-Adriatico, la Course des deux mers, en mars 2024, l\u2019une des plus \u00e9preuves le plus exigeantes du d\u00e9but de saison, Romain s&rsquo;est aussi adjug\u00e9 d&rsquo;un boyau la 5<sup>e<\/sup> \u00e9tape du Tour du Pays basque. C&rsquo;est son premier succ\u00e8s en World Tour.<br \/>Le Bisontin a brill\u00e9 dans les cat\u00e9gories de jeunes, avec trois titres de champion de France et un titre de champion d&rsquo;Europe junior. C&rsquo;est un puncheur qui sait sprinter, capable d&rsquo;\u00eatre performant sur les classiques ardennaises. Il partait en position d&rsquo;outsider pour les JO mais ne figurara pas dans le groupe France de Thomas Voeckler. Il faut dire qu&rsquo;il n&rsquo;y avait que quatre places \u00e0 prendre, elles sont attribu\u00e9es \u00e0 <span>Julian Alaphilippe, Christophe Laporte, Valentin Madouas et K\u00e9vin Vauquelin.<\/span><\/p>\n<p><span><strong><\/strong><\/span><\/p>\n<p><span><strong>Romain Gr\u00e9goire, cyclisme (25)<\/strong><\/span><strong><\/strong><\/p>\n<ul>\n<li>21 ans<\/li>\n<li>N\u00e9 le 21 janvier 2003 \u00e0 Besan\u00e7on<\/li>\n<li>Vainqueur d&rsquo;une \u00e9tape du Tour du Pays basque en 2024<\/li>\n<li>Classement g\u00e9n\u00e9ral des 4 Jours de Dunkerque (une victoire d&rsquo;\u00e9tape) en 2023<\/li>\n<li><span> <\/span>Vainqueur du Tour du Limousin 2023 (avec 2 victoires d&rsquo;\u00e9tapes)<\/li>\n<li><span> <\/span>Vainqueur de Li\u00e8ge-Bastogne-Li\u00e8ge Espoirs 2022<\/li>\n<li>Champion d&rsquo;Europe Juniors 2021<\/li>\n<li><span> <\/span>Vice-champion du monde Juniors 2021<\/li>\n<li><span> <\/span>Licenci\u00e9 \u00e0 l\u2019AC Bisontine et dans l\u2019\u00e9quipe professionnelle Groupama-FDJ<span> <\/span><\/li>\n<\/ul>\n<p>[\/et_pb_text][\/et_pb_column][\/et_pb_row][\/et_pb_section]<\/p>\n","protected":false},"excerpt":{"rendered":"<p>Le jeune cycliste form\u00e9 \u00e0 Besan\u00e7on a d\u00e9j\u00e0 gagn\u00e9 sur tous les terrains. A 21 ans, il pourrait se r\u00e9v\u00e9ler au grand public.<\/p>\n","protected":false},"author":6,"featured_media":2816,"comment_status":"closed","ping_status":"open","sticky":false,"template":"","format":"standard","meta":{"_et_pb_use_builder":"on","_et_pb_old_content":"","_et_gb_content_width":"","footnotes":""},"categories":[26],"tags":[],"class_list":["post-2389","post","type-post","status-publish","format-standard","has-post-thumbnail","hentry","category-athlete-olympique"],"publishpress_future_action":{"enabled":false,"date":"2026-05-03 19:47:38","action":"change-status","newStatus":"private","terms":[],"taxonomy":"category","extraData":[]},"publishpress_future_workflow_manual_trigger":{"enabledWorkflows":[]},"_links":{"self":[{"href":"https:\/\/sports.bourgognefranchecomte.fr\/index.php\/wp-json\/wp\/v2\/posts\/2389","targetHints":{"allow":["GET"]}}],"collection":[{"href":"https:\/\/sports.bourgognefranchecomte.fr\/index.php\/wp-json\/wp\/v2\/posts"}],"about":[{"href":"https:\/\/sports.bourgognefranchecomte.fr\/index.php\/wp-json\/wp\/v2\/types\/post"}],"author":[{"embeddable":true,"href":"https:\/\/sports.bourgognefranchecomte.fr\/index.php\/wp-json\/wp\/v2\/users\/6"}],"replies":[{"embeddable":true,"href":"https:\/\/sports.bourgognefranchecomte.fr\/index.php\/wp-json\/wp\/v2\/comments?post=2389"}],"version-history":[{"count":17,"href":"https:\/\/sports.bourgognefranchecomte.fr\/index.php\/wp-json\/wp\/v2\/posts\/2389\/revisions"}],"predecessor-version":[{"id":3742,"href":"https:\/\/sports.bourgognefranchecomte.fr\/index.php\/wp-json\/wp\/v2\/posts\/2389\/revisions\/3742"}],"wp:featuredmedia":[{"embeddable":true,"href":"https:\/\/sports.bourgognefranchecomte.fr\/index.php\/wp-json\/wp\/v2\/media\/2816"}],"wp:attachment":[{"href":"https:\/\/sports.bourgognefranchecomte.fr\/index.php\/wp-json\/wp\/v2\/media?parent=2389"}],"wp:term":[{"taxonomy":"category","embeddable":true,"href":"https:\/\/sports.bourgognefranchecomte.fr\/index.php\/wp-json\/wp\/v2\/categories?post=2389"},{"taxonomy":"post_tag","embeddable":true,"href":"https:\/\/sports.bourgognefranchecomte.fr\/index.php\/wp-json\/wp\/v2\/tags?post=2389"}],"curies":[{"name":"wp","href":"https:\/\/api.w.org\/{rel}","templated":true}]}}