{"id":2399,"date":"2024-03-19T15:57:15","date_gmt":"2024-03-19T15:57:15","guid":{"rendered":"https:\/\/sports.bourgognefranchecomte.fr\/?p=2399"},"modified":"2024-07-14T12:05:57","modified_gmt":"2024-07-14T12:05:57","slug":"lenny-martinez","status":"publish","type":"post","link":"https:\/\/sports.bourgognefranchecomte.fr\/index.php\/lenny-martinez\/","title":{"rendered":"Lenny Martinez a tout d&rsquo;un grand"},"content":{"rendered":"<p>[et_pb_section fb_built=\u00a0\u00bb1&Prime; _builder_version=\u00a0\u00bb4.24.1&Prime; _module_preset=\u00a0\u00bbdefault\u00a0\u00bb min_height=\u00a0\u00bb1497.5px\u00a0\u00bb custom_margin=\u00a0\u00bb7px|||||\u00a0\u00bb custom_padding=\u00a0\u00bb59px|||||\u00a0\u00bb global_colors_info=\u00a0\u00bb{}\u00a0\u00bb][et_pb_row _builder_version=\u00a0\u00bb4.24.1&Prime; _module_preset=\u00a0\u00bbdefault\u00a0\u00bb min_height=\u00a0\u00bb1487.5px\u00a0\u00bb custom_margin=\u00a0\u00bb-56px|auto||auto||\u00a0\u00bb custom_padding=\u00a0\u00bb25px||0px|||\u00a0\u00bb global_colors_info=\u00a0\u00bb{}\u00a0\u00bb][et_pb_column type=\u00a0\u00bb4_4&Prime; _builder_version=\u00a0\u00bb4.24.1&Prime; _module_preset=\u00a0\u00bbdefault\u00a0\u00bb global_colors_info=\u00a0\u00bb{}\u00a0\u00bb][et_pb_text _builder_version=\u00a0\u00bb4.24.2&Prime; _module_preset=\u00a0\u00bbdefault\u00a0\u00bb global_colors_info=\u00a0\u00bb{}\u00a0\u00bb][\/et_pb_text][et_pb_text _builder_version=\u00a0\u00bb4.25.0&Prime; _module_preset=\u00a0\u00bbdefault\u00a0\u00bb min_height=\u00a0\u00bb469.6px\u00a0\u00bb custom_margin=\u00a0\u00bb-41px||-278px|||\u00a0\u00bb global_colors_info=\u00a0\u00bb{}\u00a0\u00bb]<\/p>\n<p>De la graine de champion. Lenny Martinez est le fils du grand Miguel Martinez, champion du monde et olympique de VTT en 2000 \u00e0 Sydney. Form\u00e9 au CC Varennes-Vauzelles, dans les Ni\u00e8vre, Lenny apprend vite. Tr\u00e8s vite ! Il remporte la Classic Grand Besan\u00e7on Doubs en 2024, un an apr\u00e8s avoir pris la deuxi\u00e8me place de cette m\u00eame course. En 2023, il avait d\u00e9j\u00e0 port\u00e9 le maillot rouge de leader du Tour d\u2019Espagne (devenant le deuxi\u00e8me plus jeune cycliste, \u00e0 20 ans et 51 jours, \u00e0 porter un maillot de leader sur l&rsquo;un des trois grands tours depuis 1904).<br \/>Lenny aurait pu l\u00e9gitimement pr\u00e9tendre \u00e0 une s\u00e9lection pour la course sur route des JO, comme son comp\u00e8re Romain Gr\u00e9goire, mais le parcours, 270 kilom\u00e8tres sans grosses difficult\u00e9s, ne colle pas \u00e0 son profil de pur grimpeur. Il ne figurera pas donc pas dans la liste de quatre coureurs s\u00e9lectionn\u00e9s par Thomas Voeckler.<\/p>\n<p><span><strong><\/strong><\/span><\/p>\n<p><span><strong>Lenny Martinez<\/strong><\/span><strong>, cyclisme (<\/strong><strong>58<\/strong><strong>)<\/strong><strong><\/strong><\/p>\n<ul>\n<li>20 ans<\/li>\n<li>N\u00e9 le 11 juillet 2003 \u00e0 Cannes<\/li>\n<li>Vainqueur de la CIC Mont-Ventoux en 2023<\/li>\n<li><span> <\/span>24<sup>e<\/sup> du Tour d\u2019Espagne 2023 et porteur du maillot rouge de leader pendant 2 jours<\/li>\n<li><span> <\/span>Vainqueur de la Classic Var et de Trofeo Laigueglia en 2024<\/li>\n<li>Vainqueur de la Classic Grand Besan\u00e7on Doubs en 2024<\/li>\n<li><span> <\/span>Licenci\u00e9 au CC Varennes-Vauzelles de 2017 \u00e0 2021<\/li>\n<li><span> <\/span>Aujourd\u2019hui courreur de l\u2019\u00e9quipe professionnelle Groupama-FDJ<br \/><span>\u00a0<\/span><\/li>\n<\/ul>\n<p>[\/et_pb_text][\/et_pb_column][\/et_pb_row][\/et_pb_section]<\/p>\n","protected":false},"excerpt":{"rendered":"<p>Fils de, Miguel Martinez, champion du monde et olympique de VTT en 2000 \u00e0 Sydney, Lenny a tout pour plaire mais ne figure pas encore dans la liste des s\u00e9lectionn\u00e9s cette ann\u00e9e.<\/p>\n","protected":false},"author":6,"featured_media":2820,"comment_status":"closed","ping_status":"open","sticky":false,"template":"","format":"standard","meta":{"_et_pb_use_builder":"on","_et_pb_old_content":"","_et_gb_content_width":"","footnotes":""},"categories":[26],"tags":[],"class_list":["post-2399","post","type-post","status-publish","format-standard","has-post-thumbnail","hentry","category-athlete-olympique"],"publishpress_future_action":{"enabled":false,"date":"2026-05-08 19:23:37","action":"change-status","newStatus":"private","terms":[],"taxonomy":"category","extraData":[]},"publishpress_future_workflow_manual_trigger":{"enabledWorkflows":[]},"_links":{"self":[{"href":"https:\/\/sports.bourgognefranchecomte.fr\/index.php\/wp-json\/wp\/v2\/posts\/2399","targetHints":{"allow":["GET"]}}],"collection":[{"href":"https:\/\/sports.bourgognefranchecomte.fr\/index.php\/wp-json\/wp\/v2\/posts"}],"about":[{"href":"https:\/\/sports.bourgognefranchecomte.fr\/index.php\/wp-json\/wp\/v2\/types\/post"}],"author":[{"embeddable":true,"href":"https:\/\/sports.bourgognefranchecomte.fr\/index.php\/wp-json\/wp\/v2\/users\/6"}],"replies":[{"embeddable":true,"href":"https:\/\/sports.bourgognefranchecomte.fr\/index.php\/wp-json\/wp\/v2\/comments?post=2399"}],"version-history":[{"count":11,"href":"https:\/\/sports.bourgognefranchecomte.fr\/index.php\/wp-json\/wp\/v2\/posts\/2399\/revisions"}],"predecessor-version":[{"id":3743,"href":"https:\/\/sports.bourgognefranchecomte.fr\/index.php\/wp-json\/wp\/v2\/posts\/2399\/revisions\/3743"}],"wp:featuredmedia":[{"embeddable":true,"href":"https:\/\/sports.bourgognefranchecomte.fr\/index.php\/wp-json\/wp\/v2\/media\/2820"}],"wp:attachment":[{"href":"https:\/\/sports.bourgognefranchecomte.fr\/index.php\/wp-json\/wp\/v2\/media?parent=2399"}],"wp:term":[{"taxonomy":"category","embeddable":true,"href":"https:\/\/sports.bourgognefranchecomte.fr\/index.php\/wp-json\/wp\/v2\/categories?post=2399"},{"taxonomy":"post_tag","embeddable":true,"href":"https:\/\/sports.bourgognefranchecomte.fr\/index.php\/wp-json\/wp\/v2\/tags?post=2399"}],"curies":[{"name":"wp","href":"https:\/\/api.w.org\/{rel}","templated":true}]}}