{"id":2541,"date":"2024-03-20T11:17:13","date_gmt":"2024-03-20T11:17:13","guid":{"rendered":"https:\/\/sports.bourgognefranchecomte.fr\/?p=2541"},"modified":"2024-07-10T12:34:26","modified_gmt":"2024-07-10T12:34:26","slug":"cyril-viennot","status":"publish","type":"post","link":"https:\/\/sports.bourgognefranchecomte.fr\/index.php\/cyril-viennot\/","title":{"rendered":"Cyril Viennot, au service de Thibaut"},"content":{"rendered":"<p>[et_pb_section fb_built=\u00a0\u00bb1&Prime; _builder_version=\u00a0\u00bb4.24.1&Prime; _module_preset=\u00a0\u00bbdefault\u00a0\u00bb min_height=\u00a0\u00bb1497.5px\u00a0\u00bb custom_margin=\u00a0\u00bb7px|||||\u00a0\u00bb custom_padding=\u00a0\u00bb59px|||||\u00a0\u00bb global_colors_info=\u00a0\u00bb{}\u00a0\u00bb][et_pb_row _builder_version=\u00a0\u00bb4.24.1&Prime; _module_preset=\u00a0\u00bbdefault\u00a0\u00bb min_height=\u00a0\u00bb1487.5px\u00a0\u00bb custom_margin=\u00a0\u00bb-56px|auto||auto||\u00a0\u00bb custom_padding=\u00a0\u00bb25px||0px|||\u00a0\u00bb global_colors_info=\u00a0\u00bb{}\u00a0\u00bb][et_pb_column type=\u00a0\u00bb4_4&Prime; _builder_version=\u00a0\u00bb4.24.1&Prime; _module_preset=\u00a0\u00bbdefault\u00a0\u00bb global_colors_info=\u00a0\u00bb{}\u00a0\u00bb][et_pb_text _builder_version=\u00a0\u00bb4.24.2&Prime; _module_preset=\u00a0\u00bbdefault\u00a0\u00bb global_colors_info=\u00a0\u00bb{}\u00a0\u00bb][\/et_pb_text][et_pb_text _builder_version=\u00a0\u00bb4.25.2&Prime; _module_preset=\u00a0\u00bbdefault\u00a0\u00bb min_height=\u00a0\u00bb469.6px\u00a0\u00bb custom_margin=\u00a0\u00bb-41px||-278px|||\u00a0\u00bb global_colors_info=\u00a0\u00bb{}\u00a0\u00bb]<\/p>\n<p>Apr\u00e8s une carri\u00e8re individuelle remarquable sur longue distance, le triathl\u00e8te dolois Cyril Viennot (\u00e0 droite) a choisi de mettre ses qualit\u00e9s physiques au services des autres. Depuis 2020, il est guide pour d\u00e9ficients visuels. Il fait notamment \u00e9quipe avec le Yonnais Thibaut Rigaudeau, atteint de r\u00e9tinite pigmentaire, maladie diagnostiqu\u00e9e \u00e0 8 ans et qui se caract\u00e9rise par une baisse non lin\u00e9aire de l&rsquo;acuit\u00e9 et de son champ visuels.<br \/>Ensemble, Cyril et Thibaut ont termin\u00e9 4<sup>es<\/sup> des jeux olympiques de Tokyo en 2021, quelques mois seulement apr\u00e8s avoir d\u00e9but\u00e9 leur collaboration. Depuis, ils performent partout o\u00f9 ils vont. En montant sur la deuxi\u00e8me marche du podium des championnats du monde en 2023, ils ont valid\u00e9 leur ticket pour Paris. Objectif cet \u00e9t\u00e9 : gagner un rang\u2026<\/p>\n<p><a href=\"https:\/\/sports.bourgognefranchecomte.fr\/index.php\/anne\/\" target=\"_blank\" rel=\"noopener\" title=\"Portrait de Anne Henriet\"><em>Lire le portrait de Anne Henriet ici<\/em><\/a><\/p>\n<p><em><a href=\"https:\/\/sports.bourgognefranchecomte.fr\/index.php\/jeux-paralympiques-des-guides-en-or\/\" target=\"_blank\" rel=\"noopener\">D\u00e9couvrez l\u2019article consacr\u00e9 \u00e0 Cyril Viennot et Anne Henriet<\/a><\/em><\/p>\n<p><span><strong><\/strong><\/span><\/p>\n<p><span><strong>Cyril Viennot, guide para-triathlon <\/strong><\/span><strong>(39)<\/strong><strong><\/strong><\/p>\n<ul>\n<li>42 ans<\/li>\n<li>N\u00e9 le 5 juin 1982 \u00e0 Dole<\/li>\n<li>Palmar\u00e8s individuel :<em><br \/><\/em>-Champion du monde longue distance en 2015<br \/><span>\u00a0&#8211;<\/span>Vainqueur de 8 Ironman en carri\u00e8re<br \/><span>\u00a0&#8211;<\/span>5<sup>e<\/sup> de l\u2019Ironman de Kona (Hawa\u00ef) en 2014, la course la plus dure du monde : meilleure performance jamais r\u00e9alis\u00e9e par un Fran\u00e7ais.<br \/><span>\u00a0<\/span><\/li>\n<li>Palmar\u00e8s guide handisport (avec l\u2019athl\u00e8te Thibaut Rigaudeau)\u00a0:<em><br \/><\/em>-Champion de France 2023<br \/><span>\u00a0&#8211;<\/span>Vice-champion du monde 2023<br \/><span>\u00a0&#8211;<\/span>4<sup>e<\/sup> aux jeux Olympiques de Tokyo en 2021<\/li>\n<li><span> <\/span>Club\u00a0: Dole triathlon<br \/><span>\u00a0<\/span><\/li>\n<\/ul>\n<p>[\/et_pb_text][\/et_pb_column][\/et_pb_row][\/et_pb_section]<\/p>\n","protected":false},"excerpt":{"rendered":"<p>Le guide pour d\u00e9ficients visuels Cyril Viennot, bin\u00f4me de Thibaut Rigaudeau a valid\u00e9 son ticket pour Paris cet \u00e9t\u00e9.<\/p>\n","protected":false},"author":6,"featured_media":3605,"comment_status":"closed","ping_status":"open","sticky":false,"template":"","format":"standard","meta":{"_et_pb_use_builder":"on","_et_pb_old_content":"","_et_gb_content_width":"","footnotes":""},"categories":[27,1],"tags":[31],"class_list":["post-2541","post","type-post","status-publish","format-standard","has-post-thumbnail","hentry","category-athlete-paralympique","category-non-classe","tag-qualifie"],"publishpress_future_action":{"enabled":false,"date":"2026-05-08 06:30:44","action":"change-status","newStatus":"private","terms":[],"taxonomy":"category","extraData":[]},"publishpress_future_workflow_manual_trigger":{"enabledWorkflows":[]},"_links":{"self":[{"href":"https:\/\/sports.bourgognefranchecomte.fr\/index.php\/wp-json\/wp\/v2\/posts\/2541","targetHints":{"allow":["GET"]}}],"collection":[{"href":"https:\/\/sports.bourgognefranchecomte.fr\/index.php\/wp-json\/wp\/v2\/posts"}],"about":[{"href":"https:\/\/sports.bourgognefranchecomte.fr\/index.php\/wp-json\/wp\/v2\/types\/post"}],"author":[{"embeddable":true,"href":"https:\/\/sports.bourgognefranchecomte.fr\/index.php\/wp-json\/wp\/v2\/users\/6"}],"replies":[{"embeddable":true,"href":"https:\/\/sports.bourgognefranchecomte.fr\/index.php\/wp-json\/wp\/v2\/comments?post=2541"}],"version-history":[{"count":13,"href":"https:\/\/sports.bourgognefranchecomte.fr\/index.php\/wp-json\/wp\/v2\/posts\/2541\/revisions"}],"predecessor-version":[{"id":3728,"href":"https:\/\/sports.bourgognefranchecomte.fr\/index.php\/wp-json\/wp\/v2\/posts\/2541\/revisions\/3728"}],"wp:featuredmedia":[{"embeddable":true,"href":"https:\/\/sports.bourgognefranchecomte.fr\/index.php\/wp-json\/wp\/v2\/media\/3605"}],"wp:attachment":[{"href":"https:\/\/sports.bourgognefranchecomte.fr\/index.php\/wp-json\/wp\/v2\/media?parent=2541"}],"wp:term":[{"taxonomy":"category","embeddable":true,"href":"https:\/\/sports.bourgognefranchecomte.fr\/index.php\/wp-json\/wp\/v2\/categories?post=2541"},{"taxonomy":"post_tag","embeddable":true,"href":"https:\/\/sports.bourgognefranchecomte.fr\/index.php\/wp-json\/wp\/v2\/tags?post=2541"}],"curies":[{"name":"wp","href":"https:\/\/api.w.org\/{rel}","templated":true}]}}