{"id":2714,"date":"2024-03-26T14:20:33","date_gmt":"2024-03-26T14:20:33","guid":{"rendered":"https:\/\/sports.bourgognefranchecomte.fr\/?p=2714"},"modified":"2024-06-10T14:22:30","modified_gmt":"2024-06-10T14:22:30","slug":"celia-serber","status":"publish","type":"post","link":"https:\/\/sports.bourgognefranchecomte.fr\/index.php\/celia-serber\/","title":{"rendered":"C\u00e9lia Serber, jeune et exp\u00e9riment\u00e9e"},"content":{"rendered":"<p>[et_pb_section fb_built=\u00a0\u00bb1&Prime; _builder_version=\u00a0\u00bb4.24.1&Prime; _module_preset=\u00a0\u00bbdefault\u00a0\u00bb custom_padding=\u00a0\u00bb31px|||||\u00a0\u00bb global_colors_info=\u00a0\u00bb{}\u00a0\u00bb][et_pb_row _builder_version=\u00a0\u00bb4.24.1&Prime; _module_preset=\u00a0\u00bbdefault\u00a0\u00bb global_colors_info=\u00a0\u00bb{}\u00a0\u00bb][et_pb_column type=\u00a0\u00bb4_4&Prime; _builder_version=\u00a0\u00bb4.24.1&Prime; _module_preset=\u00a0\u00bbdefault\u00a0\u00bb global_colors_info=\u00a0\u00bb{}\u00a0\u00bb][et_pb_text _builder_version=\u00a0\u00bb4.24.2&Prime; _module_preset=\u00a0\u00bbdefault\u00a0\u00bb global_colors_info=\u00a0\u00bb{}\u00a0\u00bb]<\/p>\n<p><strong>Rempla\u00e7ante lors des Jeux 2021 \u00e0 Tokyo, C\u00e9lia Serber esp\u00e8re \u00eatre de la partie \u00e0 Paris.<\/strong><\/p>\n<p>Participer aux JO 2024 \u00e0 domicile, voire aller chercher une m\u00e9daille, tel est l&rsquo;objectif de la jeune dijonnaise. Malgr\u00e9 son jeune \u00e2ge, C\u00e9lia compte une solide exp\u00e9rience, elle qui a int\u00e9gr\u00e9 l&rsquo;\u00e9quipe de France tr\u00e8s jeune, d\u00e8s 2016. Elle peut briller sur tous les agr\u00e8s, de la poutre au sol,en passant par le saut de cheval et les barres asym\u00e9triques.<br \/>Titulaire d&rsquo;un Bac\u2002S, elle peut compter sur le soutien et l&rsquo;exp\u00e9rience de ses parents, qui ont \u00e9t\u00e9 respectivement gymnaste et judoka.<\/p>\n<p>&nbsp;<\/p>\n<p><strong>C\u00e9lia Serber, gymnastique (21)<\/strong><\/p>\n<ul>\n<li>20 ans<\/li>\n<li>N\u00e9e le 13 ao\u00fbt 2003 \u00e0 Dijon<\/li>\n<li>Championne de France junior 2017 et 2018 du concours multiple<\/li>\n<li>Rempla\u00e7ante au JO 2021 \u00e0 Tokyo<\/li>\n<li>Club : Alliance Dijon Gym 21<\/li>\n<\/ul>\n<p>[\/et_pb_text][\/et_pb_column][\/et_pb_row][\/et_pb_section]<\/p>\n","protected":false},"excerpt":{"rendered":"<p>Rempla\u00e7ante lors des Jeux 2021 \u00e0 Tokyo, C\u00e9lia Serber esp\u00e8re \u00eatre de la partie \u00e0 Paris.<\/p>\n","protected":false},"author":6,"featured_media":2717,"comment_status":"closed","ping_status":"open","sticky":false,"template":"","format":"standard","meta":{"_et_pb_use_builder":"on","_et_pb_old_content":"","_et_gb_content_width":"","footnotes":""},"categories":[26],"tags":[],"class_list":["post-2714","post","type-post","status-publish","format-standard","has-post-thumbnail","hentry","category-athlete-olympique"],"publishpress_future_action":{"enabled":false,"date":"2026-05-08 15:50:21","action":"change-status","newStatus":"private","terms":[],"taxonomy":"category","extraData":[]},"publishpress_future_workflow_manual_trigger":{"enabledWorkflows":[]},"_links":{"self":[{"href":"https:\/\/sports.bourgognefranchecomte.fr\/index.php\/wp-json\/wp\/v2\/posts\/2714","targetHints":{"allow":["GET"]}}],"collection":[{"href":"https:\/\/sports.bourgognefranchecomte.fr\/index.php\/wp-json\/wp\/v2\/posts"}],"about":[{"href":"https:\/\/sports.bourgognefranchecomte.fr\/index.php\/wp-json\/wp\/v2\/types\/post"}],"author":[{"embeddable":true,"href":"https:\/\/sports.bourgognefranchecomte.fr\/index.php\/wp-json\/wp\/v2\/users\/6"}],"replies":[{"embeddable":true,"href":"https:\/\/sports.bourgognefranchecomte.fr\/index.php\/wp-json\/wp\/v2\/comments?post=2714"}],"version-history":[{"count":7,"href":"https:\/\/sports.bourgognefranchecomte.fr\/index.php\/wp-json\/wp\/v2\/posts\/2714\/revisions"}],"predecessor-version":[{"id":3447,"href":"https:\/\/sports.bourgognefranchecomte.fr\/index.php\/wp-json\/wp\/v2\/posts\/2714\/revisions\/3447"}],"wp:featuredmedia":[{"embeddable":true,"href":"https:\/\/sports.bourgognefranchecomte.fr\/index.php\/wp-json\/wp\/v2\/media\/2717"}],"wp:attachment":[{"href":"https:\/\/sports.bourgognefranchecomte.fr\/index.php\/wp-json\/wp\/v2\/media?parent=2714"}],"wp:term":[{"taxonomy":"category","embeddable":true,"href":"https:\/\/sports.bourgognefranchecomte.fr\/index.php\/wp-json\/wp\/v2\/categories?post=2714"},{"taxonomy":"post_tag","embeddable":true,"href":"https:\/\/sports.bourgognefranchecomte.fr\/index.php\/wp-json\/wp\/v2\/tags?post=2714"}],"curies":[{"name":"wp","href":"https:\/\/api.w.org\/{rel}","templated":true}]}}