{"id":3210,"date":"2024-06-05T12:40:42","date_gmt":"2024-06-05T12:40:42","guid":{"rendered":"https:\/\/sports.bourgognefranchecomte.fr\/?p=3210"},"modified":"2024-07-17T16:01:55","modified_gmt":"2024-07-17T16:01:55","slug":"bolade-apithy-jamais-deux-sans-trois","status":"publish","type":"post","link":"https:\/\/sports.bourgognefranchecomte.fr\/index.php\/bolade-apithy-jamais-deux-sans-trois\/","title":{"rendered":"Bolad\u00e9 Apithy, jamais deux sans trois"},"content":{"rendered":"<p>[et_pb_section fb_built=\u00a0\u00bb1&Prime; _builder_version=\u00a0\u00bb4.25.0&Prime; _module_preset=\u00a0\u00bbdefault\u00a0\u00bb custom_margin=\u00a0\u00bb||||false|false\u00a0\u00bb custom_padding=\u00a0\u00bb26px||||false|false\u00a0\u00bb global_colors_info=\u00a0\u00bb{}\u00a0\u00bb][et_pb_row _builder_version=\u00a0\u00bb4.25.0&Prime; _module_preset=\u00a0\u00bbdefault\u00a0\u00bb custom_margin=\u00a0\u00bb|auto||auto|false|false\u00a0\u00bb custom_padding=\u00a0\u00bb||||false|false\u00a0\u00bb global_colors_info=\u00a0\u00bb{}\u00a0\u00bb][et_pb_column type=\u00a0\u00bb4_4&Prime; _builder_version=\u00a0\u00bb4.24.1&Prime; _module_preset=\u00a0\u00bbdefault\u00a0\u00bb global_colors_info=\u00a0\u00bb{}\u00a0\u00bb][et_pb_text _builder_version=\u00a0\u00bb4.25.2&Prime; _module_preset=\u00a0\u00bbdefault\u00a0\u00bb hover_enabled=\u00a0\u00bb0&Prime; locked=\u00a0\u00bboff\u00a0\u00bb global_colors_info=\u00a0\u00bb{}\u00a0\u00bb sticky_enabled=\u00a0\u00bb0&Prime;]<\/p>\n<p>Jamais deux sans trois\u00a0: apr\u00e8s Londres en 2012 et Tokyo en 2021, Bolad\u00e9 Apithy s\u2019appr\u00eate \u00e0 disputer sa troisi\u00e8me olympiade, cet \u00e9t\u00e9 \u00e0 Paris. Ce sp\u00e9cialiste du sabre fait partie de la s\u00e9lection fran\u00e7aise, d\u00e9voil\u00e9e fin mai. Membre du top 10 mondial, il esp\u00e8re conjurer le sort\u00a0: il avait \u00e9t\u00e9 \u00e9limin\u00e9 d\u00e8s le premier tour en 2012, tout comme en 2021. 2024, la bonne ann\u00e9e\u00a0? Le dijonnais de 38 ans a en tout cas tout fait pour arriver au meilleur de sa forme fin juillet. Il visera \u00e9videmment la m\u00e9daille sur l\u2019individuelle (le 27 juillet) avant de tout donner pour l\u2019\u00e9quipe de France (le 31 juillet), championne d\u2019Europe en titre. A noter que sa compagne, Manon Apithy-Brunet, a, elle aussi, \u00e9t\u00e9 s\u00e9lectionn\u00e9e dans l\u2019\u00e9quipe de France de sabre f\u00e9minine.<\/p>\n<p>&nbsp;<\/p>\n<p><span><strong>Bolad\u00e9 Apithy, escrime, sabre (21)<\/strong><\/span><strong><\/strong><\/p>\n<ul>\n<li>38 ans<\/li>\n<li>N\u00e9 le 21 ao\u00fbt 1985 \u00e0 Dijon<\/li>\n<li>Palmar\u00e8s individuel<br \/>&#8211; M\u00e9daill\u00e9 de bronze au championnat d&rsquo;Europe 2023<br \/>&#8211; Vice-champion d&rsquo;Europe 2012<br \/>&#8211; Vice-champion d&rsquo;Europe 2011<br \/>&#8211; M\u00e9daill\u00e9 de bronze au championnat d&rsquo;Europe 2010<\/li>\n<li>Palmar\u00e8s par \u00e9quipes<br \/>&#8211; Champion d&rsquo;Europe 2023<br \/>&#8211; M\u00e9daill\u00e9 de bronze au championnat d&rsquo;Europe 2009<br \/>&#8211; M\u00e9daill\u00e9 de bronze au championnat d&rsquo;Europe 2008<\/li>\n<li>Club actuel : Orl\u00e9ans<\/li>\n<\/ul>\n<p>&nbsp;<\/p>\n<p>[\/et_pb_text][\/et_pb_column][\/et_pb_row][\/et_pb_section]<\/p>\n","protected":false},"excerpt":{"rendered":"<p>Le Dijonnais Bolad\u00e9 Apithy est qualifi\u00e9 pour ses troisi\u00e8mes Jeux Olympiques.<\/p>\n","protected":false},"author":6,"featured_media":3215,"comment_status":"closed","ping_status":"open","sticky":false,"template":"","format":"standard","meta":{"_et_pb_use_builder":"on","_et_pb_old_content":"","_et_gb_content_width":"","footnotes":""},"categories":[26],"tags":[31,33],"class_list":["post-3210","post","type-post","status-publish","format-standard","has-post-thumbnail","hentry","category-athlete-olympique","tag-qualifie","tag-tampon-a-droite"],"publishpress_future_action":{"enabled":false,"date":"2026-05-07 01:59:44","action":"change-status","newStatus":"private","terms":[],"taxonomy":"category","extraData":[]},"publishpress_future_workflow_manual_trigger":{"enabledWorkflows":[]},"_links":{"self":[{"href":"https:\/\/sports.bourgognefranchecomte.fr\/index.php\/wp-json\/wp\/v2\/posts\/3210","targetHints":{"allow":["GET"]}}],"collection":[{"href":"https:\/\/sports.bourgognefranchecomte.fr\/index.php\/wp-json\/wp\/v2\/posts"}],"about":[{"href":"https:\/\/sports.bourgognefranchecomte.fr\/index.php\/wp-json\/wp\/v2\/types\/post"}],"author":[{"embeddable":true,"href":"https:\/\/sports.bourgognefranchecomte.fr\/index.php\/wp-json\/wp\/v2\/users\/6"}],"replies":[{"embeddable":true,"href":"https:\/\/sports.bourgognefranchecomte.fr\/index.php\/wp-json\/wp\/v2\/comments?post=3210"}],"version-history":[{"count":8,"href":"https:\/\/sports.bourgognefranchecomte.fr\/index.php\/wp-json\/wp\/v2\/posts\/3210\/revisions"}],"predecessor-version":[{"id":3749,"href":"https:\/\/sports.bourgognefranchecomte.fr\/index.php\/wp-json\/wp\/v2\/posts\/3210\/revisions\/3749"}],"wp:featuredmedia":[{"embeddable":true,"href":"https:\/\/sports.bourgognefranchecomte.fr\/index.php\/wp-json\/wp\/v2\/media\/3215"}],"wp:attachment":[{"href":"https:\/\/sports.bourgognefranchecomte.fr\/index.php\/wp-json\/wp\/v2\/media?parent=3210"}],"wp:term":[{"taxonomy":"category","embeddable":true,"href":"https:\/\/sports.bourgognefranchecomte.fr\/index.php\/wp-json\/wp\/v2\/categories?post=3210"},{"taxonomy":"post_tag","embeddable":true,"href":"https:\/\/sports.bourgognefranchecomte.fr\/index.php\/wp-json\/wp\/v2\/tags?post=3210"}],"curies":[{"name":"wp","href":"https:\/\/api.w.org\/{rel}","templated":true}]}}