{"id":3302,"date":"2024-06-07T13:46:14","date_gmt":"2024-06-07T13:46:14","guid":{"rendered":"https:\/\/sports.bourgognefranchecomte.fr\/?p=3302"},"modified":"2024-08-30T19:11:42","modified_gmt":"2024-08-30T17:11:42","slug":"gaetan-menguy","status":"publish","type":"post","link":"https:\/\/sports.bourgognefranchecomte.fr\/index.php\/gaetan-menguy\/","title":{"rendered":"Ga\u00ebtan Menguy, le quatri\u00e8me mousquetaire"},"content":{"rendered":"<p>[et_pb_section fb_built=\u00a0\u00bb1&Prime; _builder_version=\u00a0\u00bb4.25.0&Prime; _module_preset=\u00a0\u00bbdefault\u00a0\u00bb custom_margin=\u00a0\u00bb||||false|false\u00a0\u00bb custom_padding=\u00a0\u00bb26px||||false|false\u00a0\u00bb global_colors_info=\u00a0\u00bb{}\u00a0\u00bb][et_pb_row _builder_version=\u00a0\u00bb4.25.0&Prime; _module_preset=\u00a0\u00bbdefault\u00a0\u00bb custom_margin=\u00a0\u00bb|auto||auto|false|false\u00a0\u00bb custom_padding=\u00a0\u00bb||||false|false\u00a0\u00bb global_colors_info=\u00a0\u00bb{}\u00a0\u00bb][et_pb_column type=\u00a0\u00bb4_4&Prime; _builder_version=\u00a0\u00bb4.24.1&Prime; _module_preset=\u00a0\u00bbdefault\u00a0\u00bb global_colors_info=\u00a0\u00bb{}\u00a0\u00bb][et_pb_text _builder_version=\u00a0\u00bb4.27.0&Prime; _module_preset=\u00a0\u00bbdefault\u00a0\u00bb width=\u00a0\u00bb99.9%\u00a0\u00bb hover_enabled=\u00a0\u00bb0&Prime; locked=\u00a0\u00bboff\u00a0\u00bb global_colors_info=\u00a0\u00bb{}\u00a0\u00bb sticky_enabled=\u00a0\u00bb0&Prime;]<\/p>\n<p><span>A la suite d\u2019un accident de motocross en 2004, Ga\u00ebtan Menguy est diagnostiqu\u00e9 parapl\u00e9gique incomplet. Le V\u00e9sulien d\u00e9couvre le tennis fauteuil\u00a0<\/span><span>en 2008 apr\u00e8s avoir longtemps pratiqu\u00e9 le basket fauteuil. Consciencieux et travailleur, il s\u2019entraine quotidiennement pour parvenir \u00e0 ses objectifs ambitieux, jusqu\u2019\u00e0 sa participation \u00e0 ses premiers Jeux Paralympiques \u00e0 Tokyo en 2021. Elimin\u00e9 en 32\u00e8me de finale, il y a trois ans, il veut franchir un nouveau cap \u00e0 Paris, en simple comme en double.<\/span><\/p>\n<p>&nbsp;<\/p>\n<p><strong>Gaetan Menguy \u2013 Tennis fauteuil (70)<\/strong><\/p>\n<ul>\n<li>41 ans<\/li>\n<li>N\u00e9 le 16 avril 1983 (41 ans) \u00e0 Vesoul<\/li>\n<li>32<sup>e<\/sup> de finale aux Jeux Paralympiques de Tokyo (2021)<\/li>\n<li>Champion du monde 2017 par \u00e9quipe<\/li>\n<\/ul>\n<p>&nbsp;<\/p>\n<p>[\/et_pb_text][\/et_pb_column][\/et_pb_row][\/et_pb_section]<\/p>\n","protected":false},"excerpt":{"rendered":"<p>Le V\u00e9sulien Ga\u00ebtan Menguy visera un bon r\u00e9sultat \u00e0 Paris. <\/p>\n","protected":false},"author":6,"featured_media":3305,"comment_status":"closed","ping_status":"open","sticky":false,"template":"","format":"standard","meta":{"_et_pb_use_builder":"on","_et_pb_old_content":"","_et_gb_content_width":"","footnotes":""},"categories":[27],"tags":[31],"class_list":["post-3302","post","type-post","status-publish","format-standard","has-post-thumbnail","hentry","category-athlete-paralympique","tag-qualifie"],"publishpress_future_action":{"enabled":false,"date":"2026-05-08 15:50:21","action":"change-status","newStatus":"private","terms":[],"taxonomy":"category","extraData":[]},"publishpress_future_workflow_manual_trigger":{"enabledWorkflows":[]},"_links":{"self":[{"href":"https:\/\/sports.bourgognefranchecomte.fr\/index.php\/wp-json\/wp\/v2\/posts\/3302","targetHints":{"allow":["GET"]}}],"collection":[{"href":"https:\/\/sports.bourgognefranchecomte.fr\/index.php\/wp-json\/wp\/v2\/posts"}],"about":[{"href":"https:\/\/sports.bourgognefranchecomte.fr\/index.php\/wp-json\/wp\/v2\/types\/post"}],"author":[{"embeddable":true,"href":"https:\/\/sports.bourgognefranchecomte.fr\/index.php\/wp-json\/wp\/v2\/users\/6"}],"replies":[{"embeddable":true,"href":"https:\/\/sports.bourgognefranchecomte.fr\/index.php\/wp-json\/wp\/v2\/comments?post=3302"}],"version-history":[{"count":9,"href":"https:\/\/sports.bourgognefranchecomte.fr\/index.php\/wp-json\/wp\/v2\/posts\/3302\/revisions"}],"predecessor-version":[{"id":4708,"href":"https:\/\/sports.bourgognefranchecomte.fr\/index.php\/wp-json\/wp\/v2\/posts\/3302\/revisions\/4708"}],"wp:featuredmedia":[{"embeddable":true,"href":"https:\/\/sports.bourgognefranchecomte.fr\/index.php\/wp-json\/wp\/v2\/media\/3305"}],"wp:attachment":[{"href":"https:\/\/sports.bourgognefranchecomte.fr\/index.php\/wp-json\/wp\/v2\/media?parent=3302"}],"wp:term":[{"taxonomy":"category","embeddable":true,"href":"https:\/\/sports.bourgognefranchecomte.fr\/index.php\/wp-json\/wp\/v2\/categories?post=3302"},{"taxonomy":"post_tag","embeddable":true,"href":"https:\/\/sports.bourgognefranchecomte.fr\/index.php\/wp-json\/wp\/v2\/tags?post=3302"}],"curies":[{"name":"wp","href":"https:\/\/api.w.org\/{rel}","templated":true}]}}