{"id":3318,"date":"2024-06-10T08:50:36","date_gmt":"2024-06-10T08:50:36","guid":{"rendered":"https:\/\/sports.bourgognefranchecomte.fr\/?p=3318"},"modified":"2024-06-10T09:38:56","modified_gmt":"2024-06-10T09:38:56","slug":"alain-quittet","status":"publish","type":"post","link":"https:\/\/sports.bourgognefranchecomte.fr\/index.php\/alain-quittet\/","title":{"rendered":"Alain Quittet 16 ans apr\u00e8s ?"},"content":{"rendered":"<p>[et_pb_section fb_built=\u00a0\u00bb1&Prime; _builder_version=\u00a0\u00bb4.25.0&Prime; _module_preset=\u00a0\u00bbdefault\u00a0\u00bb custom_margin=\u00a0\u00bb||||false|false\u00a0\u00bb custom_padding=\u00a0\u00bb26px||||false|false\u00a0\u00bb global_colors_info=\u00a0\u00bb{}\u00a0\u00bb][et_pb_row _builder_version=\u00a0\u00bb4.25.0&Prime; _module_preset=\u00a0\u00bbdefault\u00a0\u00bb custom_margin=\u00a0\u00bb|auto||auto|false|false\u00a0\u00bb custom_padding=\u00a0\u00bb||||false|false\u00a0\u00bb global_colors_info=\u00a0\u00bb{}\u00a0\u00bb][et_pb_column type=\u00a0\u00bb4_4&Prime; _builder_version=\u00a0\u00bb4.24.1&Prime; _module_preset=\u00a0\u00bbdefault\u00a0\u00bb global_colors_info=\u00a0\u00bb{}\u00a0\u00bb][et_pb_text _builder_version=\u00a0\u00bb4.25.1&Prime; _module_preset=\u00a0\u00bbdefault\u00a0\u00bb locked=\u00a0\u00bboff\u00a0\u00bb global_colors_info=\u00a0\u00bb{}\u00a0\u00bb]<\/p>\n<p>\u00c0 bient\u00f4t 68 ans, le Belfortain Alain Quittet figure parmi les doyens de l\u2019\u00e9quipe de France paralympique. Ce n\u2019est pas sa seule particularit\u00e9 puisqu\u2019avant de viser les podiums avec sa carabine, il avait d\u00e9j\u00e0 obtenu une m\u00e9daille de bronze aux Jeux de P\u00e9kin, en 2008, en v\u00e9lo couch\u00e9 (handibike). C\u2019est une blessure \u00e0 l\u2019\u00e9paule qui a conduit ce grand comp\u00e9titeur \u00e0 se reconvertir dans le para-tir sportif qu\u2019il pratiquait d\u00e9j\u00e0 en loisirs. \u00c0 Tokyo, Alain Quittet \u00e9tait pass\u00e9 \u00e0 c\u00f4t\u00e9 de ses jeux. Il s\u2019est depuis ressaisi avec un titre de vice-champion de France de sa cat\u00e9gorie derri\u00e8re le Lorrain K\u00e9vin Liot. Suffisant pour d\u00e9crocher sa qualification Olympique\u00a0? Le Belfortain le saura fin juin, lors de l\u2019annonce de la s\u00e9lection officielle.<\/p>\n<p>&nbsp;<\/p>\n<p><strong>Alain Quittet, para-tir (25)<\/strong><\/p>\n<ul>\n<li>67 ans<\/li>\n<li>N\u00e9 le 8 ao\u00fbt 1956 \u00e0 Audincourt<\/li>\n<li>M\u00e9daille de bronze aux Jeux Paralympiques de P\u00e9kin en 20028 en hand-bike<\/li>\n<li>Champion du monde 2018 en carabine couch\u00e9<\/li>\n<li>Champion d\u2019Europe 2018 en carabine debout par \u00e9quipe<\/li>\n<\/ul>\n<p>[\/et_pb_text][\/et_pb_column][\/et_pb_row][\/et_pb_section]<\/p>\n","protected":false},"excerpt":{"rendered":"<p>\u00c0 bient\u00f4t 68 ans, le Belfortain Alain Quittet figure parmi les doyens de l\u2019\u00e9quipe de France paralympique.<\/p>\n","protected":false},"author":6,"featured_media":3320,"comment_status":"closed","ping_status":"open","sticky":false,"template":"","format":"standard","meta":{"_et_pb_use_builder":"on","_et_pb_old_content":"","_et_gb_content_width":"","footnotes":""},"categories":[27],"tags":[],"class_list":["post-3318","post","type-post","status-publish","format-standard","has-post-thumbnail","hentry","category-athlete-paralympique"],"publishpress_future_action":{"enabled":false,"date":"2026-05-08 00:55:18","action":"change-status","newStatus":"private","terms":[],"taxonomy":"category","extraData":[]},"publishpress_future_workflow_manual_trigger":{"enabledWorkflows":[]},"_links":{"self":[{"href":"https:\/\/sports.bourgognefranchecomte.fr\/index.php\/wp-json\/wp\/v2\/posts\/3318","targetHints":{"allow":["GET"]}}],"collection":[{"href":"https:\/\/sports.bourgognefranchecomte.fr\/index.php\/wp-json\/wp\/v2\/posts"}],"about":[{"href":"https:\/\/sports.bourgognefranchecomte.fr\/index.php\/wp-json\/wp\/v2\/types\/post"}],"author":[{"embeddable":true,"href":"https:\/\/sports.bourgognefranchecomte.fr\/index.php\/wp-json\/wp\/v2\/users\/6"}],"replies":[{"embeddable":true,"href":"https:\/\/sports.bourgognefranchecomte.fr\/index.php\/wp-json\/wp\/v2\/comments?post=3318"}],"version-history":[{"count":5,"href":"https:\/\/sports.bourgognefranchecomte.fr\/index.php\/wp-json\/wp\/v2\/posts\/3318\/revisions"}],"predecessor-version":[{"id":3376,"href":"https:\/\/sports.bourgognefranchecomte.fr\/index.php\/wp-json\/wp\/v2\/posts\/3318\/revisions\/3376"}],"wp:featuredmedia":[{"embeddable":true,"href":"https:\/\/sports.bourgognefranchecomte.fr\/index.php\/wp-json\/wp\/v2\/media\/3320"}],"wp:attachment":[{"href":"https:\/\/sports.bourgognefranchecomte.fr\/index.php\/wp-json\/wp\/v2\/media?parent=3318"}],"wp:term":[{"taxonomy":"category","embeddable":true,"href":"https:\/\/sports.bourgognefranchecomte.fr\/index.php\/wp-json\/wp\/v2\/categories?post=3318"},{"taxonomy":"post_tag","embeddable":true,"href":"https:\/\/sports.bourgognefranchecomte.fr\/index.php\/wp-json\/wp\/v2\/tags?post=3318"}],"curies":[{"name":"wp","href":"https:\/\/api.w.org\/{rel}","templated":true}]}}