{"id":3353,"date":"2024-06-10T09:09:30","date_gmt":"2024-06-10T09:09:30","guid":{"rendered":"https:\/\/sports.bourgognefranchecomte.fr\/?p=3353"},"modified":"2024-06-10T09:34:05","modified_gmt":"2024-06-10T09:34:05","slug":"julien-michaud-les-jo-sur-le-tard","status":"publish","type":"post","link":"https:\/\/sports.bourgognefranchecomte.fr\/index.php\/julien-michaud-les-jo-sur-le-tard\/","title":{"rendered":"Julien Michaud, les JO sur le tard"},"content":{"rendered":"<p>[et_pb_section fb_built=\u00a0\u00bb1&Prime; _builder_version=\u00a0\u00bb4.25.0&Prime; _module_preset=\u00a0\u00bbdefault\u00a0\u00bb custom_margin=\u00a0\u00bb||||false|false\u00a0\u00bb custom_padding=\u00a0\u00bb26px||||false|false\u00a0\u00bb global_colors_info=\u00a0\u00bb{}\u00a0\u00bb][et_pb_row _builder_version=\u00a0\u00bb4.25.0&Prime; _module_preset=\u00a0\u00bbdefault\u00a0\u00bb custom_margin=\u00a0\u00bb|auto||auto|false|false\u00a0\u00bb custom_padding=\u00a0\u00bb||||false|false\u00a0\u00bb global_colors_info=\u00a0\u00bb{}\u00a0\u00bb][et_pb_column type=\u00a0\u00bb4_4&Prime; _builder_version=\u00a0\u00bb4.24.1&Prime; _module_preset=\u00a0\u00bbdefault\u00a0\u00bb global_colors_info=\u00a0\u00bb{}\u00a0\u00bb][et_pb_text _builder_version=\u00a0\u00bb4.25.1&Prime; _module_preset=\u00a0\u00bbdefault\u00a0\u00bb locked=\u00a0\u00bboff\u00a0\u00bb global_colors_info=\u00a0\u00bb{}\u00a0\u00bb]<\/p>\n<p>Il en r\u00eavait. A 44 ans, Julien Michaud a gagn\u00e9 le droit de disputer ses premiers jeux paralympiques cet \u00e9t\u00e9. D\u00e9sormais install\u00e9 dans les Pyr\u00e9n\u00e9es, le natif de Besan\u00e7on fera notamment la paire avec Fabien Lamirault (num\u00e9ro 1 mondial), avec qui il est all\u00e9 gagner le titre europ\u00e9en l\u2019an dernier en Angleterre. Un seul objectif pour le duo cet \u00e9t\u00e9 : la m\u00e9daille d\u2019or.<\/p>\n<p>&nbsp;<\/p>\n<p><strong>Julien Michaud, para tennis de table (25)<\/strong><\/p>\n<ul>\n<li>44 ans<\/li>\n<li>N\u00e9 le 1<sup>er<\/sup> septembre 1979\u00a0 \u00e0 Besan\u00e7on<\/li>\n<li>Champion d\u2019Europe 2023 en double avec Fabien Lamirault<\/li>\n<\/ul>\n<p>[\/et_pb_text][\/et_pb_column][\/et_pb_row][\/et_pb_section]<\/p>\n","protected":false},"excerpt":{"rendered":"<p>A 44 ans, Julien Michaud disputera ses premiers jeux paralympiques \u00e0 Paris.<\/p>\n","protected":false},"author":6,"featured_media":3314,"comment_status":"closed","ping_status":"open","sticky":false,"template":"","format":"standard","meta":{"_et_pb_use_builder":"on","_et_pb_old_content":"","_et_gb_content_width":"","footnotes":""},"categories":[27],"tags":[31,33],"class_list":["post-3353","post","type-post","status-publish","format-standard","has-post-thumbnail","hentry","category-athlete-paralympique","tag-qualifie","tag-tampon-a-droite"],"publishpress_future_action":{"enabled":false,"date":"2026-05-09 00:36:48","action":"change-status","newStatus":"private","terms":[],"taxonomy":"category","extraData":[]},"publishpress_future_workflow_manual_trigger":{"enabledWorkflows":[]},"_links":{"self":[{"href":"https:\/\/sports.bourgognefranchecomte.fr\/index.php\/wp-json\/wp\/v2\/posts\/3353","targetHints":{"allow":["GET"]}}],"collection":[{"href":"https:\/\/sports.bourgognefranchecomte.fr\/index.php\/wp-json\/wp\/v2\/posts"}],"about":[{"href":"https:\/\/sports.bourgognefranchecomte.fr\/index.php\/wp-json\/wp\/v2\/types\/post"}],"author":[{"embeddable":true,"href":"https:\/\/sports.bourgognefranchecomte.fr\/index.php\/wp-json\/wp\/v2\/users\/6"}],"replies":[{"embeddable":true,"href":"https:\/\/sports.bourgognefranchecomte.fr\/index.php\/wp-json\/wp\/v2\/comments?post=3353"}],"version-history":[{"count":4,"href":"https:\/\/sports.bourgognefranchecomte.fr\/index.php\/wp-json\/wp\/v2\/posts\/3353\/revisions"}],"predecessor-version":[{"id":3359,"href":"https:\/\/sports.bourgognefranchecomte.fr\/index.php\/wp-json\/wp\/v2\/posts\/3353\/revisions\/3359"}],"wp:featuredmedia":[{"embeddable":true,"href":"https:\/\/sports.bourgognefranchecomte.fr\/index.php\/wp-json\/wp\/v2\/media\/3314"}],"wp:attachment":[{"href":"https:\/\/sports.bourgognefranchecomte.fr\/index.php\/wp-json\/wp\/v2\/media?parent=3353"}],"wp:term":[{"taxonomy":"category","embeddable":true,"href":"https:\/\/sports.bourgognefranchecomte.fr\/index.php\/wp-json\/wp\/v2\/categories?post=3353"},{"taxonomy":"post_tag","embeddable":true,"href":"https:\/\/sports.bourgognefranchecomte.fr\/index.php\/wp-json\/wp\/v2\/tags?post=3353"}],"curies":[{"name":"wp","href":"https:\/\/api.w.org\/{rel}","templated":true}]}}