{"id":3561,"date":"2024-06-17T08:26:52","date_gmt":"2024-06-17T08:26:52","guid":{"rendered":"https:\/\/sports.bourgognefranchecomte.fr\/?p=3561"},"modified":"2024-07-22T10:07:56","modified_gmt":"2024-07-22T10:07:56","slug":"orlann","status":"publish","type":"post","link":"https:\/\/sports.bourgognefranchecomte.fr\/index.php\/orlann\/","title":{"rendered":"Orlann Oli\u00e8re, maman en forme"},"content":{"rendered":"<p>[et_pb_section fb_built=\u00a0\u00bb1&Prime; _builder_version=\u00a0\u00bb4.24.1&Prime; _module_preset=\u00a0\u00bbdefault\u00a0\u00bb min_height=\u00a0\u00bb1497.5px\u00a0\u00bb custom_margin=\u00a0\u00bb7px|||||\u00a0\u00bb custom_padding=\u00a0\u00bb59px|||||\u00a0\u00bb global_colors_info=\u00a0\u00bb{}\u00a0\u00bb][et_pb_row _builder_version=\u00a0\u00bb4.24.1&Prime; _module_preset=\u00a0\u00bbdefault\u00a0\u00bb min_height=\u00a0\u00bb1487.5px\u00a0\u00bb custom_margin=\u00a0\u00bb-56px|auto||auto||\u00a0\u00bb custom_padding=\u00a0\u00bb25px||0px|||\u00a0\u00bb global_colors_info=\u00a0\u00bb{}\u00a0\u00bb][et_pb_column type=\u00a0\u00bb4_4&Prime; _builder_version=\u00a0\u00bb4.24.1&Prime; _module_preset=\u00a0\u00bbdefault\u00a0\u00bb global_colors_info=\u00a0\u00bb{}\u00a0\u00bb][et_pb_text _builder_version=\u00a0\u00bb4.24.2&Prime; _module_preset=\u00a0\u00bbdefault\u00a0\u00bb global_colors_info=\u00a0\u00bb{}\u00a0\u00bb][\/et_pb_text][et_pb_text _builder_version=\u00a0\u00bb4.27.0&Prime; _module_preset=\u00a0\u00bbdefault\u00a0\u00bb min_height=\u00a0\u00bb469.6px\u00a0\u00bb custom_margin=\u00a0\u00bb-41px|||||\u00a0\u00bb hover_enabled=\u00a0\u00bb0&Prime; global_colors_info=\u00a0\u00bb{}\u00a0\u00bb sticky_enabled=\u00a0\u00bb0&Prime;]<\/p>\n<p>Elle revient en forme au meilleur des moments : deux ans apr\u00e8s avoir donn\u00e9 naissance \u00e0 des jumeaux, Orlann Oli\u00e8re vient d\u2019\u00eatre sacr\u00e9e vice-championne d\u2019Europe du 4 X 100 m \u00e0 Rome.<br \/>La S\u00e9nonaise a fait mieux que confirmer en\u00a0 s&rsquo;imposant pour la premi\u00e8re fois de sa carri\u00e8re sur une manche de Diamond League, sur 100 m, le 7 juillet 2024 \u00e0 Charl\u00e9ty.<br \/>C&rsquo;est d\u00e9cid\u00e9ment une ann\u00e9e fantastique pour Orlann Oliere. Apr\u00e8s son titre de championne de France sur 60 m en salle, sa m\u00e9daille d&rsquo;argent aux championnats d&rsquo;Europe, donc, le ticket olympique est dans la poche.<br \/>C&rsquo;est une belle revanche pour Orlann, qui a mis du temps \u00e0 se projeter dans le monde du haut niveau : <em>\u00ab Je n\u2019ai rien \u00e0 regretter et j\u2019ai encore l\u2019avenir devant moi.<\/em><em>\u00a0\u00bb<\/em><\/p>\n<p><em><\/em><\/p>\n<p><em><\/em><\/p>\n<p><strong>Orlann Oli\u00e8re, athl\u00e9tisme (89)<\/strong><\/p>\n<ul>\n<li>33 ans<\/li>\n<li>N\u00e9e le 26 mai 1991 \u00e0 Sens<\/li>\n<li>Vice-championne d\u2019Europe espoir 4X100m 2011<\/li>\n<li>Championne d\u2019Europe 4X100m 2019<\/li>\n<li>7<sup>e<\/sup> des jeux Olympiques de Tokyo 4X100m 2021<\/li>\n<li>Vice-championne du monde 4X100m 2023<\/li>\n<li>Vice-championne d\u2019Europe 4X100m 2024<\/li>\n<li>Vainqueure du meeting de Diamond League \u00e0 Paris, sur 100 m, en 2024<\/li>\n<\/ul>\n<p>[\/et_pb_text][\/et_pb_column][\/et_pb_row][\/et_pb_section]<\/p>\n","protected":false},"excerpt":{"rendered":"<p>La sprinteuse Orlann Oli\u00e8re est revenue en bonne forme au meilleur des moments, deux ans apr\u00e8s avoir donn\u00e9 naissance \u00e0 des jumeaux.<\/p>\n","protected":false},"author":6,"featured_media":3566,"comment_status":"closed","ping_status":"open","sticky":false,"template":"","format":"standard","meta":{"_et_pb_use_builder":"on","_et_pb_old_content":"","_et_gb_content_width":"","footnotes":""},"categories":[26],"tags":[34],"class_list":["post-3561","post","type-post","status-publish","format-standard","has-post-thumbnail","hentry","category-athlete-olympique","tag-qualifiee"],"publishpress_future_action":{"enabled":false,"date":"2026-05-07 00:37:49","action":"change-status","newStatus":"private","terms":[],"taxonomy":"category","extraData":[]},"publishpress_future_workflow_manual_trigger":{"enabledWorkflows":[]},"_links":{"self":[{"href":"https:\/\/sports.bourgognefranchecomte.fr\/index.php\/wp-json\/wp\/v2\/posts\/3561","targetHints":{"allow":["GET"]}}],"collection":[{"href":"https:\/\/sports.bourgognefranchecomte.fr\/index.php\/wp-json\/wp\/v2\/posts"}],"about":[{"href":"https:\/\/sports.bourgognefranchecomte.fr\/index.php\/wp-json\/wp\/v2\/types\/post"}],"author":[{"embeddable":true,"href":"https:\/\/sports.bourgognefranchecomte.fr\/index.php\/wp-json\/wp\/v2\/users\/6"}],"replies":[{"embeddable":true,"href":"https:\/\/sports.bourgognefranchecomte.fr\/index.php\/wp-json\/wp\/v2\/comments?post=3561"}],"version-history":[{"count":10,"href":"https:\/\/sports.bourgognefranchecomte.fr\/index.php\/wp-json\/wp\/v2\/posts\/3561\/revisions"}],"predecessor-version":[{"id":3866,"href":"https:\/\/sports.bourgognefranchecomte.fr\/index.php\/wp-json\/wp\/v2\/posts\/3561\/revisions\/3866"}],"wp:featuredmedia":[{"embeddable":true,"href":"https:\/\/sports.bourgognefranchecomte.fr\/index.php\/wp-json\/wp\/v2\/media\/3566"}],"wp:attachment":[{"href":"https:\/\/sports.bourgognefranchecomte.fr\/index.php\/wp-json\/wp\/v2\/media?parent=3561"}],"wp:term":[{"taxonomy":"category","embeddable":true,"href":"https:\/\/sports.bourgognefranchecomte.fr\/index.php\/wp-json\/wp\/v2\/categories?post=3561"},{"taxonomy":"post_tag","embeddable":true,"href":"https:\/\/sports.bourgognefranchecomte.fr\/index.php\/wp-json\/wp\/v2\/tags?post=3561"}],"curies":[{"name":"wp","href":"https:\/\/api.w.org\/{rel}","templated":true}]}}