{"id":3568,"date":"2024-06-17T13:04:11","date_gmt":"2024-06-17T13:04:11","guid":{"rendered":"https:\/\/sports.bourgognefranchecomte.fr\/?p=3568"},"modified":"2024-07-10T12:33:43","modified_gmt":"2024-07-10T12:33:43","slug":"anne","status":"publish","type":"post","link":"https:\/\/sports.bourgognefranchecomte.fr\/index.php\/anne\/","title":{"rendered":"Anne Henriet s&rsquo;est rapproch\u00e9e"},"content":{"rendered":"<p>[et_pb_section fb_built=\u00a0\u00bb1&Prime; _builder_version=\u00a0\u00bb4.25.0&Prime; _module_preset=\u00a0\u00bbdefault\u00a0\u00bb custom_margin=\u00a0\u00bb||||false|false\u00a0\u00bb custom_padding=\u00a0\u00bb26px||||false|false\u00a0\u00bb global_colors_info=\u00a0\u00bb{}\u00a0\u00bb][et_pb_row _builder_version=\u00a0\u00bb4.25.0&Prime; _module_preset=\u00a0\u00bbdefault\u00a0\u00bb custom_margin=\u00a0\u00bb|auto||auto|false|false\u00a0\u00bb custom_padding=\u00a0\u00bb||||false|false\u00a0\u00bb global_colors_info=\u00a0\u00bb{}\u00a0\u00bb][et_pb_column type=\u00a0\u00bb4_4&Prime; _builder_version=\u00a0\u00bb4.24.1&Prime; _module_preset=\u00a0\u00bbdefault\u00a0\u00bb global_colors_info=\u00a0\u00bb{}\u00a0\u00bb][et_pb_text _builder_version=\u00a0\u00bb4.25.2&Prime; _module_preset=\u00a0\u00bbdefault\u00a0\u00bb locked=\u00a0\u00bboff\u00a0\u00bb global_colors_info=\u00a0\u00bb{}\u00a0\u00bb]<\/p>\n<p>Il y a encore quelques semaines, l\u2019objectif paralympique d\u2019Anne Henriet \u00e9tait tout sauf concret. Guide de la para-triathl\u00e8te H\u00e9lo\u00efse Courvoisier, elle \u00e9tait loin du top 10 mondial, qualifiable pour Paris. Mais la qualification a pris de l\u2019\u00e9paisseur lors des derni\u00e8res coupes du monde, disput\u00e9es par le duo. Apr\u00e8s s\u2019\u00eatre plac\u00e9es sur l\u2019\u00e9preuve de Yokohama (6<sup>e<\/sup> le 11 mai 2024), les deux jeunes femmes ont perform\u00e9 \u00e0 Besan\u00e7on le 15 juin dernier, montant sur la deuxi\u00e8me marche du podium.<br \/>Actuellement sixi\u00e8mes mondiales et solidement accroch\u00e9es, elles ne devraient plus quitter ce fameux top 10 d\u2019ici le 10 juillet, date de l\u2019annonce officielle des s\u00e9lectionn\u00e9s paralympiques. L\u2019histoire serait belle\u00a0: Anne rejoindrait alors sur la liste des s\u00e9lectionn\u00e9s paralympiques son compagnon Cyril Viennot, d\u00e9j\u00e0 qualifi\u00e9.<\/p>\n<p><a href=\"https:\/\/sports.bourgognefranchecomte.fr\/index.php\/cyril-viennot\/\" target=\"_blank\" rel=\"noopener\" title=\"Portrait de Cyril Viennot\"><em>Lire le portrait de Cyril Viennot ici<\/em><\/a><\/p>\n<p><em><a href=\"https:\/\/sports.bourgognefranchecomte.fr\/index.php\/jeux-paralympiques-des-guides-en-or\/\" target=\"_blank\" rel=\"noopener\">D\u00e9couvrez l&rsquo;article consacr\u00e9 \u00e0 Cyril Viennot et Anne Henriet<\/a>\u00a0<\/em><\/p>\n<p>&nbsp;<\/p>\n<p><strong>Anne Henriet, guide para-triathlon (25)<\/strong><\/p>\n<ul>\n<li>43 ans<\/li>\n<li>5<sup>e<\/sup> des championnats d\u2019Europe 2022<\/li>\n<li>6<sup>e<\/sup> des championnats du monde 2022<\/li>\n<li>Guide de la para-triathl\u00e8te H\u00e9lo\u00efse Courvoisier<\/li>\n<\/ul>\n<p>[\/et_pb_text][\/et_pb_column][\/et_pb_row][\/et_pb_section]<\/p>\n","protected":false},"excerpt":{"rendered":"<p>Anne Henriet, guide de la para-triathl\u00e8te H\u00e9lo\u00efse Courvoisier, est en course les JO de Paris 2024.<\/p>\n","protected":false},"author":6,"featured_media":3571,"comment_status":"closed","ping_status":"open","sticky":false,"template":"","format":"standard","meta":{"_et_pb_use_builder":"on","_et_pb_old_content":"","_et_gb_content_width":"","footnotes":""},"categories":[27],"tags":[34],"class_list":["post-3568","post","type-post","status-publish","format-standard","has-post-thumbnail","hentry","category-athlete-paralympique","tag-qualifiee"],"publishpress_future_action":{"enabled":false,"date":"2026-05-08 08:08:00","action":"change-status","newStatus":"private","terms":[],"taxonomy":"category","extraData":[]},"publishpress_future_workflow_manual_trigger":{"enabledWorkflows":[]},"_links":{"self":[{"href":"https:\/\/sports.bourgognefranchecomte.fr\/index.php\/wp-json\/wp\/v2\/posts\/3568","targetHints":{"allow":["GET"]}}],"collection":[{"href":"https:\/\/sports.bourgognefranchecomte.fr\/index.php\/wp-json\/wp\/v2\/posts"}],"about":[{"href":"https:\/\/sports.bourgognefranchecomte.fr\/index.php\/wp-json\/wp\/v2\/types\/post"}],"author":[{"embeddable":true,"href":"https:\/\/sports.bourgognefranchecomte.fr\/index.php\/wp-json\/wp\/v2\/users\/6"}],"replies":[{"embeddable":true,"href":"https:\/\/sports.bourgognefranchecomte.fr\/index.php\/wp-json\/wp\/v2\/comments?post=3568"}],"version-history":[{"count":8,"href":"https:\/\/sports.bourgognefranchecomte.fr\/index.php\/wp-json\/wp\/v2\/posts\/3568\/revisions"}],"predecessor-version":[{"id":3727,"href":"https:\/\/sports.bourgognefranchecomte.fr\/index.php\/wp-json\/wp\/v2\/posts\/3568\/revisions\/3727"}],"wp:featuredmedia":[{"embeddable":true,"href":"https:\/\/sports.bourgognefranchecomte.fr\/index.php\/wp-json\/wp\/v2\/media\/3571"}],"wp:attachment":[{"href":"https:\/\/sports.bourgognefranchecomte.fr\/index.php\/wp-json\/wp\/v2\/media?parent=3568"}],"wp:term":[{"taxonomy":"category","embeddable":true,"href":"https:\/\/sports.bourgognefranchecomte.fr\/index.php\/wp-json\/wp\/v2\/categories?post=3568"},{"taxonomy":"post_tag","embeddable":true,"href":"https:\/\/sports.bourgognefranchecomte.fr\/index.php\/wp-json\/wp\/v2\/tags?post=3568"}],"curies":[{"name":"wp","href":"https:\/\/api.w.org\/{rel}","templated":true}]}}