{"id":3627,"date":"2024-06-26T14:12:53","date_gmt":"2024-06-26T14:12:53","guid":{"rendered":"https:\/\/sports.bourgognefranchecomte.fr\/?p=3627"},"modified":"2024-07-08T12:50:24","modified_gmt":"2024-07-08T12:50:24","slug":"roman-fuchs-la-belle-histoire","status":"publish","type":"post","link":"https:\/\/sports.bourgognefranchecomte.fr\/index.php\/roman-fuchs-la-belle-histoire\/","title":{"rendered":"Roman Fuchs, la belle histoire"},"content":{"rendered":"<p>[et_pb_section fb_built=\u00a0\u00bb1&Prime; _builder_version=\u00a0\u00bb4.24.1&Prime; _module_preset=\u00a0\u00bbdefault\u00a0\u00bb min_height=\u00a0\u00bb1497.5px\u00a0\u00bb custom_margin=\u00a0\u00bb7px|||||\u00a0\u00bb custom_padding=\u00a0\u00bb59px|||||\u00a0\u00bb global_colors_info=\u00a0\u00bb{}\u00a0\u00bb][et_pb_row _builder_version=\u00a0\u00bb4.24.1&Prime; _module_preset=\u00a0\u00bbdefault\u00a0\u00bb min_height=\u00a0\u00bb1487.5px\u00a0\u00bb custom_margin=\u00a0\u00bb-56px|auto||auto||\u00a0\u00bb custom_padding=\u00a0\u00bb25px||0px|||\u00a0\u00bb global_colors_info=\u00a0\u00bb{}\u00a0\u00bb][et_pb_column type=\u00a0\u00bb4_4&Prime; _builder_version=\u00a0\u00bb4.24.1&Prime; _module_preset=\u00a0\u00bbdefault\u00a0\u00bb global_colors_info=\u00a0\u00bb{}\u00a0\u00bb][et_pb_text _builder_version=\u00a0\u00bb4.25.2&Prime; _module_preset=\u00a0\u00bbdefault\u00a0\u00bb min_height=\u00a0\u00bb469.6px\u00a0\u00bb custom_margin=\u00a0\u00bb-41px||-278px|||\u00a0\u00bb hover_enabled=\u00a0\u00bb0&Prime; global_colors_info=\u00a0\u00bb{}\u00a0\u00bb sticky_enabled=\u00a0\u00bb0&Prime;]<\/p>\n<p>C\u2019est fait pour le Dijonnais Roman Fuchs\u00a0! Le nageur, qui s\u2019entra\u00eene aujourd\u2019hui \u00e0 Amiens, s\u2019est qualifi\u00e9 pour ses premiers jeux Olympiques. Pas en individuel, puisqu\u2019il a termin\u00e9 quatri\u00e8me des derniers championnats de France. Mais il fera partie du relai 4X200m nage libre\u00a0: <em>\u00ab\u00a0<\/em><em>Quelle joie de pouvoir participer \u00e0 la comp\u00e9tition dont j\u2019ai toujours r\u00eav\u00e9 !<\/em><em>\u00a0\u00bb <\/em>s\u2019est r\u00e9joui l\u2019athl\u00e8te de 26 ans, plus que jamais pr\u00eat \u00e0 d\u00e9fier le bassin olympique et \u00e9crire les plus belles pages de sa propre histoire.<\/p>\n<p>&nbsp;<\/p>\n<p><span><strong>Roman Fuchs, natation (21)<\/strong><\/span><strong><br \/><\/strong><\/p>\n<ul>\n<li>26 ans<\/li>\n<li>N\u00e9 le 14 janvier 1998<\/li>\n<li>Champion de France 400m nage libre 2018<\/li>\n<li>Champion de France 200m nage libre 2023<\/li>\n<\/ul>\n<p>[\/et_pb_text][\/et_pb_column][\/et_pb_row][\/et_pb_section]<\/p>\n","protected":false},"excerpt":{"rendered":"<p>Le nageur dijonnais Roman Fuchs\u00a0fera les JO 2024.<\/p>\n","protected":false},"author":6,"featured_media":3630,"comment_status":"closed","ping_status":"open","sticky":false,"template":"","format":"standard","meta":{"_et_pb_use_builder":"on","_et_pb_old_content":"","_et_gb_content_width":"","footnotes":""},"categories":[26],"tags":[31],"class_list":["post-3627","post","type-post","status-publish","format-standard","has-post-thumbnail","hentry","category-athlete-olympique","tag-qualifie"],"publishpress_future_action":{"enabled":false,"date":"2026-05-07 02:05:01","action":"change-status","newStatus":"private","terms":[],"taxonomy":"category","extraData":[]},"publishpress_future_workflow_manual_trigger":{"enabledWorkflows":[]},"_links":{"self":[{"href":"https:\/\/sports.bourgognefranchecomte.fr\/index.php\/wp-json\/wp\/v2\/posts\/3627","targetHints":{"allow":["GET"]}}],"collection":[{"href":"https:\/\/sports.bourgognefranchecomte.fr\/index.php\/wp-json\/wp\/v2\/posts"}],"about":[{"href":"https:\/\/sports.bourgognefranchecomte.fr\/index.php\/wp-json\/wp\/v2\/types\/post"}],"author":[{"embeddable":true,"href":"https:\/\/sports.bourgognefranchecomte.fr\/index.php\/wp-json\/wp\/v2\/users\/6"}],"replies":[{"embeddable":true,"href":"https:\/\/sports.bourgognefranchecomte.fr\/index.php\/wp-json\/wp\/v2\/comments?post=3627"}],"version-history":[{"count":6,"href":"https:\/\/sports.bourgognefranchecomte.fr\/index.php\/wp-json\/wp\/v2\/posts\/3627\/revisions"}],"predecessor-version":[{"id":3635,"href":"https:\/\/sports.bourgognefranchecomte.fr\/index.php\/wp-json\/wp\/v2\/posts\/3627\/revisions\/3635"}],"wp:featuredmedia":[{"embeddable":true,"href":"https:\/\/sports.bourgognefranchecomte.fr\/index.php\/wp-json\/wp\/v2\/media\/3630"}],"wp:attachment":[{"href":"https:\/\/sports.bourgognefranchecomte.fr\/index.php\/wp-json\/wp\/v2\/media?parent=3627"}],"wp:term":[{"taxonomy":"category","embeddable":true,"href":"https:\/\/sports.bourgognefranchecomte.fr\/index.php\/wp-json\/wp\/v2\/categories?post=3627"},{"taxonomy":"post_tag","embeddable":true,"href":"https:\/\/sports.bourgognefranchecomte.fr\/index.php\/wp-json\/wp\/v2\/tags?post=3627"}],"curies":[{"name":"wp","href":"https:\/\/api.w.org\/{rel}","templated":true}]}}