{"id":3757,"date":"2024-07-18T07:09:06","date_gmt":"2024-07-18T07:09:06","guid":{"rendered":"https:\/\/sports.bourgognefranchecomte.fr\/?p=3757"},"modified":"2024-07-18T07:47:42","modified_gmt":"2024-07-18T07:47:42","slug":"franck-seguela","status":"publish","type":"post","link":"https:\/\/sports.bourgognefranchecomte.fr\/index.php\/franck-seguela\/","title":{"rendered":"Franck S\u00e9gu\u00e9la, un pionnier"},"content":{"rendered":"<p>[et_pb_section fb_built=\u00a0\u00bb1&Prime; _builder_version=\u00a0\u00bb4.25.0&Prime; _module_preset=\u00a0\u00bbdefault\u00a0\u00bb custom_margin=\u00a0\u00bb||||false|false\u00a0\u00bb custom_padding=\u00a0\u00bb26px||||false|false\u00a0\u00bb global_colors_info=\u00a0\u00bb{}\u00a0\u00bb][et_pb_row _builder_version=\u00a0\u00bb4.25.0&Prime; _module_preset=\u00a0\u00bbdefault\u00a0\u00bb custom_margin=\u00a0\u00bb|auto||auto|false|false\u00a0\u00bb custom_padding=\u00a0\u00bb||||false|false\u00a0\u00bb global_colors_info=\u00a0\u00bb{}\u00a0\u00bb][et_pb_column type=\u00a0\u00bb4_4&Prime; _builder_version=\u00a0\u00bb4.24.1&Prime; _module_preset=\u00a0\u00bbdefault\u00a0\u00bb global_colors_info=\u00a0\u00bb{}\u00a0\u00bb][et_pb_text _builder_version=\u00a0\u00bb4.25.2&Prime; _module_preset=\u00a0\u00bbdefault\u00a0\u00bb locked=\u00a0\u00bboff\u00a0\u00bb global_colors_info=\u00a0\u00bb{}\u00a0\u00bb]<\/p>\n<p>L&rsquo;\u00e9quipe de France masculine de basket 3&#215;3 va participer aux Jeux Olympiques pour la premi\u00e8re fois de son histoire. Une r\u00e9ussite et une premi\u00e8re \u00e9tape pour l&rsquo;un des pionniers de la discipline, Franck S\u00e9gu\u00e9la, qui s&rsquo;y consacre \u00e0 100 % depuis 2022.<br \/>N\u00e9 \u00e0 Dijon en 1997, le Bourguignon-Franc-Comtois n\u2019a pas eu le temps d\u2019\u00eatre \u00e9duqu\u00e9 aux goug\u00e8res et au Morbier. Fils de Laurent S\u00e9gu\u00e9la, deuxi\u00e8me ligne du stade Dijonnais dans les ann\u00e9es 90, il quitte la r\u00e9gion 10 jours apr\u00e8s avoir ouvert les yeux sur la vie, son p\u00e8re \u00e9tant transf\u00e9r\u00e9 \u00e0 l\u2019Aviron Bayonnais.<br \/>Le jeune homme a grandi dans le sud-ouest. Apr\u00e8s une premi\u00e8re carri\u00e8re en basket classique, il se sp\u00e9cialise dans le 3X3 et devient le num\u00e9ro 1 fran\u00e7ais en 2023. Il \u00e9volue depuis deux saisons dans l\u2019\u00e9quipe professionnelle de Paris 3X3. Il est aujourd\u2019hui dans le TOP 20 des meilleurs joueurs du monde.<br \/>Dans la vie, il est le compagnon de Laetitia Guapo, figure du basket 3&#215;3 fran\u00e7ais, s\u00e9lectionn\u00e9e \u00e9galement pour les Jeux Olympiques. Son objectif \u00e0 Paris ? Le podium, et une m\u00e9daille olympique. A suivre\u2026<\/p>\n<p>&nbsp;<\/p>\n<p><strong>Franck Seguela, basket 3X3 (21)<\/strong><\/p>\n<ul>\n<li>27 ans<\/li>\n<li>N\u00e9 le 30 mai 1997 \u00e0 Dijon<\/li>\n<li>M\u00e9daille de bronze \u00e0 la Coupe du monde 2022<\/li>\n<\/ul>\n<p>[\/et_pb_text][\/et_pb_column][\/et_pb_row][\/et_pb_section]<\/p>\n","protected":false},"excerpt":{"rendered":"<p>L&rsquo;\u00e9quipe de France masculine de basket 3&#215;3 Franck S\u00e9gu\u00e9la va participer aux Jeux Olympiques pour la premi\u00e8re fois de son histoire.<\/p>\n","protected":false},"author":6,"featured_media":3761,"comment_status":"closed","ping_status":"open","sticky":false,"template":"","format":"standard","meta":{"_et_pb_use_builder":"on","_et_pb_old_content":"","_et_gb_content_width":"","footnotes":""},"categories":[26],"tags":[31],"class_list":["post-3757","post","type-post","status-publish","format-standard","has-post-thumbnail","hentry","category-athlete-olympique","tag-qualifie"],"publishpress_future_action":{"enabled":false,"date":"2026-05-07 11:47:27","action":"change-status","newStatus":"private","terms":[],"taxonomy":"category","extraData":[]},"publishpress_future_workflow_manual_trigger":{"enabledWorkflows":[]},"_links":{"self":[{"href":"https:\/\/sports.bourgognefranchecomte.fr\/index.php\/wp-json\/wp\/v2\/posts\/3757","targetHints":{"allow":["GET"]}}],"collection":[{"href":"https:\/\/sports.bourgognefranchecomte.fr\/index.php\/wp-json\/wp\/v2\/posts"}],"about":[{"href":"https:\/\/sports.bourgognefranchecomte.fr\/index.php\/wp-json\/wp\/v2\/types\/post"}],"author":[{"embeddable":true,"href":"https:\/\/sports.bourgognefranchecomte.fr\/index.php\/wp-json\/wp\/v2\/users\/6"}],"replies":[{"embeddable":true,"href":"https:\/\/sports.bourgognefranchecomte.fr\/index.php\/wp-json\/wp\/v2\/comments?post=3757"}],"version-history":[{"count":8,"href":"https:\/\/sports.bourgognefranchecomte.fr\/index.php\/wp-json\/wp\/v2\/posts\/3757\/revisions"}],"predecessor-version":[{"id":3780,"href":"https:\/\/sports.bourgognefranchecomte.fr\/index.php\/wp-json\/wp\/v2\/posts\/3757\/revisions\/3780"}],"wp:featuredmedia":[{"embeddable":true,"href":"https:\/\/sports.bourgognefranchecomte.fr\/index.php\/wp-json\/wp\/v2\/media\/3761"}],"wp:attachment":[{"href":"https:\/\/sports.bourgognefranchecomte.fr\/index.php\/wp-json\/wp\/v2\/media?parent=3757"}],"wp:term":[{"taxonomy":"category","embeddable":true,"href":"https:\/\/sports.bourgognefranchecomte.fr\/index.php\/wp-json\/wp\/v2\/categories?post=3757"},{"taxonomy":"post_tag","embeddable":true,"href":"https:\/\/sports.bourgognefranchecomte.fr\/index.php\/wp-json\/wp\/v2\/tags?post=3757"}],"curies":[{"name":"wp","href":"https:\/\/api.w.org\/{rel}","templated":true}]}}