{"id":3991,"date":"2024-07-26T10:54:43","date_gmt":"2024-07-26T08:54:43","guid":{"rendered":"https:\/\/sports.bourgognefranchecomte.fr\/?p=3991"},"modified":"2026-02-24T10:33:29","modified_gmt":"2026-02-24T08:33:29","slug":"jean-louis-petitot","status":"publish","type":"post","link":"https:\/\/sports.bourgognefranchecomte.fr\/index.php\/jean-louis-petitot\/","title":{"rendered":"Jean-Louis Petitot : \u00ab\u00a0elle \u00e9tait au-dessus !\u00a0\u00bb"},"content":{"rendered":"<p>[et_pb_section fb_built=\u00a0\u00bb1&Prime; _builder_version=\u00a0\u00bb4.25.0&Prime; _module_preset=\u00a0\u00bbdefault\u00a0\u00bb min_height=\u00a0\u00bb1848.6px\u00a0\u00bb global_colors_info=\u00a0\u00bb{}\u00a0\u00bb][et_pb_row _builder_version=\u00a0\u00bb4.25.2&Prime; _module_preset=\u00a0\u00bbdefault\u00a0\u00bb min_height=\u00a0\u00bb143px\u00a0\u00bb custom_padding=\u00a0\u00bb10px||||false|false\u00a0\u00bb global_colors_info=\u00a0\u00bb{}\u00a0\u00bb][et_pb_column type=\u00a0\u00bb4_4&Prime; _builder_version=\u00a0\u00bb4.24.1&Prime; _module_preset=\u00a0\u00bbdefault\u00a0\u00bb global_colors_info=\u00a0\u00bb{}\u00a0\u00bb][et_pb_text _builder_version=\u00a0\u00bb4.27.0&Prime; _module_preset=\u00a0\u00bbdefault\u00a0\u00bb custom_padding=\u00a0\u00bb||||false|false\u00a0\u00bb global_colors_info=\u00a0\u00bb{}\u00a0\u00bb]<\/p>\n<p><em>27 juillet 2024 &#8211;<br \/><\/em><strong>La fleurettiste montb\u00e9liardaise Eva Lacheray, 24 ans, entre en sc\u00e8ne d\u00e8s ce dimanche 28 juillet dans le cadre prestigieux du Grand Palais, \u00e0 Paris. Elle participera, au cours de ces Jeux, \u00e0 l\u2019\u00e9preuve individuelle et \u00e0 l\u2019\u00e9preuve par \u00e9quipe filles.<\/strong> <strong>Jean-Louis Petitot, son entraineur de toujours, connait la jeune athl\u00e8te mieux que personne. Il nous raconte \u00ab\u00a0son\u00a0\u00bb Eva.<\/strong><\/p>\n<p>[\/et_pb_text][\/et_pb_column][\/et_pb_row][et_pb_row column_structure=\u00a0\u00bb2_3,1_3&Prime; _builder_version=\u00a0\u00bb4.27.0&Prime; _module_preset=\u00a0\u00bbdefault\u00a0\u00bb global_colors_info=\u00a0\u00bb{}\u00a0\u00bb][et_pb_column type=\u00a0\u00bb2_3&Prime; _builder_version=\u00a0\u00bb4.27.0&Prime; _module_preset=\u00a0\u00bbdefault\u00a0\u00bb global_colors_info=\u00a0\u00bb{}\u00a0\u00bb][et_pb_text _builder_version=\u00a0\u00bb4.27.0&Prime; _module_preset=\u00a0\u00bbdefault\u00a0\u00bb global_colors_info=\u00a0\u00bb{}\u00a0\u00bb]<\/p>\n<p><strong>Les d\u00e9buts<br \/><\/strong>\u00ab\u00a0A 9 ans, elle est arriv\u00e9e \u00e0 l\u2019ASCAP escrime. Son fr\u00e8re ain\u00e9 William faisait de l\u2019escrime, je l\u2019avais eu avant elle. Eva faisait de la danse, mais quand elle a vu qu&rsquo;il gagnait des comp\u00e9titions, elle voulait des coupes aussi ! C\u2019est pour \u00e7a qu\u2019elle est venue, pour imiter son fr\u00e8re. A l\u2019\u00e9poque, les s\u00e9ances se d\u00e9roulaient dans des locaux pr\u00e9fabriqu\u00e9s, non loin du stade Bonal. C\u2019\u00e9tait bien, nous avions de la place, nous \u00e9tions chez nous. Et un jour, ils ont \u00e9t\u00e9 gr\u00eal\u00e9s, alors nous avons emm\u00e9nag\u00e9 dans un vieux b\u00e2timent de Peugeot. Puis la Ville de Montb\u00e9liard nous a attribu\u00e9 une salle \u00e0 l\u2019Axone (NDLR : qui a \u00e9t\u00e9 mise en service en 2009), o\u00f9 les conditions d\u2019entrainement sont correctes. A ses d\u00e9buts, Eva a int\u00e9gr\u00e9 un groupe d\u2019entrainement avec d\u2019autres enfants. On a vu tout de suite qu\u2019elle \u00e9tait au-dessus, m\u00eame si elle n\u2019a jamais \u00e9t\u00e9 tr\u00e8s rapide. En revanche, elle a toujours eu une bonne vision du jeu, au-dessus de la moyenne.<\/p>\n<p><strong>La premi\u00e8re comp\u00e9tition<br \/><\/strong>Premi\u00e8re comp\u00e8t\u2019, premi\u00e8re victoire, \u00e0 Guebwiller (Haut-Rhin) ! Je me souviens bien. Elle avait peut-\u00eatre deux mois d\u2019escrime. Elle avait tout perdu en poule, \u00e9tait venue me voir en pleurant. J\u2019ai essay\u00e9 de lui remonter le moral et en phase \u00e9liminatoire, elle a tout gagn\u00e9 ! Ensuite, elle a rapidement gagn\u00e9 toutes les comp\u00e9titions.<\/p>\n<p>&nbsp;<\/p>\n<p><em>Eva Lacheray \u00e0 9 ans, lors de ses d\u00e9buts dans l&rsquo;escrime, apr\u00e8s avoir essay\u00e9 la danse &#8211; Photo DR<\/em><\/p>\n<p>[\/et_pb_text][\/et_pb_column][et_pb_column type=\u00a0\u00bb1_3&Prime; _builder_version=\u00a0\u00bb4.27.0&Prime; _module_preset=\u00a0\u00bbdefault\u00a0\u00bb global_colors_info=\u00a0\u00bb{}\u00a0\u00bb][et_pb_image src=\u00a0\u00bbhttps:\/\/sports.bourgognefranchecomte.fr\/wp-content\/uploads\/2024\/07\/9-ans-en-salle-darme-a-montbeliard.jpg\u00a0\u00bb alt=\u00a0\u00bbEva Lacheray, fleurettiste de Montb\u00e9liard s\u00e9lectionn\u00e9e pour les Jeux Olympiques 2024 &#8211; DR\u00a0\u00bb title_text=\u00a0\u00bbEva Lacheray, fleurettiste de Montb\u00e9liard s\u00e9lectionn\u00e9e pour les Jeux Olympiques 2024 &#8211; DR\u00a0\u00bb _builder_version=\u00a0\u00bb4.27.0&Prime; _module_preset=\u00a0\u00bbdefault\u00a0\u00bb global_colors_info=\u00a0\u00bb{}\u00a0\u00bb][\/et_pb_image][\/et_pb_column][\/et_pb_row][et_pb_row _builder_version=\u00a0\u00bb4.27.0&Prime; _module_preset=\u00a0\u00bbdefault\u00a0\u00bb global_colors_info=\u00a0\u00bb{}\u00a0\u00bb][et_pb_column type=\u00a0\u00bb4_4&Prime; _builder_version=\u00a0\u00bb4.27.0&Prime; _module_preset=\u00a0\u00bbdefault\u00a0\u00bb global_colors_info=\u00a0\u00bb{}\u00a0\u00bb][et_pb_text _builder_version=\u00a0\u00bb4.27.0&Prime; _module_preset=\u00a0\u00bbdefault\u00a0\u00bb global_colors_info=\u00a0\u00bb{}\u00a0\u00bb]<\/p>\n<p><strong>La formation<\/strong><br \/>Elle \u00e9tait tr\u00e8s discr\u00e8te. Elle ne parlait pas beaucoup mais \u00e9tait travailleuse et forte mentalement. A cette \u00e9poque, on avait un bon groupe de filles, dont certaines tournaient dans le top 10 fran\u00e7ais. Eva n\u2019\u00e9tait pas la meilleure du groupe car elle avait un peu de retard physiquement et elle \u00e9tait plus jeune que les autres. Mais c\u2019\u00e9tait sa chance\u00a0: elle a \u00e9t\u00e9 tir\u00e9e vers le haut. Et elle \u00e9tait bien maligne. Elle voulait gagner. Physiquement, elle \u00e9tait un peu maigre, d\u2019autant plus qu\u2019elle a grandi t\u00f4t. M\u00eame si une grande ne tire pas de la m\u00eame mani\u00e8re qu\u2019une petite, cette croissance rapide ne l\u2019a pas trop d\u00e9rang\u00e9e car son jeu n\u2019\u00e9tait vraiment pas bas\u00e9 sur le physique. Elle n\u2019a pas \u00e9t\u00e9 perturb\u00e9e. Eva est gauch\u00e8re, et chez les jeunes, c\u2019est toujours un avantage. Apr\u00e8s, \u00e7a l\u2019est moins.<\/p>\n<p>[\/et_pb_text][\/et_pb_column][\/et_pb_row][et_pb_row column_structure=\u00a0\u00bb2_5,3_5&Prime; _builder_version=\u00a0\u00bb4.27.0&Prime; _module_preset=\u00a0\u00bbdefault\u00a0\u00bb global_colors_info=\u00a0\u00bb{}\u00a0\u00bb][et_pb_column type=\u00a0\u00bb2_5&Prime; _builder_version=\u00a0\u00bb4.27.0&Prime; _module_preset=\u00a0\u00bbdefault\u00a0\u00bb global_colors_info=\u00a0\u00bb{}\u00a0\u00bb][et_pb_image src=\u00a0\u00bbhttps:\/\/sports.bourgognefranchecomte.fr\/wp-content\/uploads\/2024\/07\/16-ans-circuit-cadet-a-chilly-mazarin.jpg\u00a0\u00bb alt=\u00a0\u00bbEva, \u00e0 16 ans, apr\u00e8s une victoire sur le circuit cadet \u00e0 Chilly-Mazarin (Essonne) &#8211; DR\u00a0\u00bb title_text=\u00a0\u00bbEva, \u00e0 16 ans, apr\u00e8s une victoire sur le circuit cadet \u00e0 Chilly-Mazarin (Essonne) &#8211; DR\u00a0\u00bb _builder_version=\u00a0\u00bb4.27.0&Prime; _module_preset=\u00a0\u00bbdefault\u00a0\u00bb global_colors_info=\u00a0\u00bb{}\u00a0\u00bb][\/et_pb_image][et_pb_text _builder_version=\u00a0\u00bb4.27.0&Prime; _module_preset=\u00a0\u00bbdefault\u00a0\u00bb text_line_height=\u00a0\u00bb1.4em\u00a0\u00bb min_height=\u00a0\u00bb39.6px\u00a0\u00bb custom_margin=\u00a0\u00bb0px||0px||false|false\u00a0\u00bb custom_padding=\u00a0\u00bb0px|||||\u00a0\u00bb global_colors_info=\u00a0\u00bb{}\u00a0\u00bb]<\/p>\n<p><em>Eva, \u00e0 16 ans, apr\u00e8s une victoire sur le circuit cadet \u00e0 Chilly-Mazarin (Essonne) &#8211; DR<\/em><\/p>\n<p>[\/et_pb_text][\/et_pb_column][et_pb_column type=\u00a0\u00bb3_5&Prime; _builder_version=\u00a0\u00bb4.27.0&Prime; _module_preset=\u00a0\u00bbdefault\u00a0\u00bb global_colors_info=\u00a0\u00bb{}\u00a0\u00bb][et_pb_text _builder_version=\u00a0\u00bb4.27.0&Prime; _module_preset=\u00a0\u00bbdefault\u00a0\u00bb global_colors_info=\u00a0\u00bb{}\u00a0\u00bb]<\/p>\n<p><strong>La progression<br \/><\/strong>Il y a toujours des paliers \u00e0 franchir. Assez t\u00f4t, je me suis dit qu\u2019elle irait loin. Alors qu\u2019elle \u00e9tait benjamine, elle \u00e9tait double surclass\u00e9e\u00a0! Une ann\u00e9e, elle a fait quart de finale des championnats de France dans la cat\u00e9gorie sup\u00e9rieure. Puis elle est devenue vice-championne de France junior alors qu\u2019elle n\u2019\u00e9tait que minime 2\u00a0! Puis en cadette, elle a remport\u00e9 ses premiers \u00ab\u00a0France\u00a0\u00bb \u00e0 Compi\u00e8gne et \u00e0 partir de l\u00e0, elle gagnait \u00e0 chaque fois.<\/p>\n<p><strong>Les d\u00e9buts internationaux<br \/><\/strong>Elle a int\u00e9gr\u00e9 l\u2019Equipe de France apr\u00e8s son titre de championne de France cadette mais a eu un peu de mal \u00e0 appr\u00e9hender le niveau international. \u00c7a a \u00e9t\u00e9 compliqu\u00e9, elle a mis du temps \u00e0 performer. Dans les grands championnats, c\u2019\u00e9tait dur.<\/p>\n<p><strong>L\u2019explosion<br \/><\/strong>Elle a vraiment explos\u00e9 en junior 1<sup>re<\/sup> ann\u00e9e, avec une 5<sup>e<\/sup> place aux championnats d\u2019Europe et sa premi\u00e8re m\u00e9daille, en bronze, aux championnats de monde.<\/p>\n<p><strong>Le trou d\u2019air<\/strong><br \/>En junior 2, l\u00e0, c\u2019\u00e9tait tr\u00e8s compliqu\u00e9. C\u2019\u00e9tait l\u2019ann\u00e9e du bac, qu\u2019elle a obtenu. La F\u00e9d\u00e9ration voulait la faire entrer \u00e0 l\u2019INSEP*, \u00e0 Paris, mais nous, on pensait qu\u2019elle \u00e9tait trop jeune. Elle a pris une ann\u00e9e sabbatique pour se consacrer pleinement \u00e0 l\u2019escrime. En fait, \u00e7a n\u2019allait pas. C\u2019est difficile de s\u2019entrainer seule, elle n\u2019arrivait pas \u00e0 se bouger. On faisait de la pr\u00e9paration physique le matin et un entrainement l\u2019apr\u00e8s-midi. Elle ne faisait que \u00e7a et mentalement, c\u2019\u00e9tait dur.<\/p>\n<p>[\/et_pb_text][\/et_pb_column][\/et_pb_row][et_pb_row _builder_version=\u00a0\u00bb4.27.0&Prime; _module_preset=\u00a0\u00bbdefault\u00a0\u00bb global_colors_info=\u00a0\u00bb{}\u00a0\u00bb][et_pb_column type=\u00a0\u00bb4_4&Prime; _builder_version=\u00a0\u00bb4.27.0&Prime; _module_preset=\u00a0\u00bbdefault\u00a0\u00bb global_colors_info=\u00a0\u00bb{}\u00a0\u00bb][et_pb_text _builder_version=\u00a0\u00bb4.27.0&Prime; _module_preset=\u00a0\u00bbdefault\u00a0\u00bb global_colors_info=\u00a0\u00bb{}\u00a0\u00bb]<\/p>\n<p><strong>Le rebond<\/strong><br \/>La saison suivante, elle a repris ses \u00e9tudes, \u00e0 Belfort, et est revenue en grande forme. Elle \u00e9tait monstrueuse. En junior 3, elle est devenue num\u00e9ro 2 mondiale. On l\u2019a alors programm\u00e9e pour \u00eatre championne du monde, mais\u2026<\/p>\n<p><strong>Le Covid<br \/><\/strong>On n\u2019a pas pu d\u00e9coller pour les championnats d\u2019Europe et les championnats du monde ont carr\u00e9ment \u00e9t\u00e9 annul\u00e9s. On allait s\u2019entrainer de temps en temps \u00e0 l\u2019INSEP&#8230; Puis lors d\u2019une comp\u00e9tition senior \u00e0 Bordeaux, elle perd d\u2019une touche contre Ysaora Thibus en finale. Cela nous a bien reboost\u00e9.<\/p>\n<p><strong>Le nouveau rebond<\/strong><br \/>Elle avait les Jeux de Tokyo en ligne de mire mais n\u2019a pas \u00e9t\u00e9 s\u00e9lectionn\u00e9e. L\u00e0, on s\u2019est dit \u00ab\u00a0<em>si on veut faire les Jeux, il faut int\u00e9grer l\u2019INSEP\u00a0\u00bb.<\/em> Elle y est donc entr\u00e9e en septembre 2023 et cela a \u00e9t\u00e9 payant. Aujourd\u2019hui, on a un fonctionnement qui marche. Je monte parfois \u00e0 l\u2019INSEP, o\u00f9 j\u2019ai de bonnes relations avec Yann Detienne, l\u2019entraineur national. Cela permet d\u2019\u00e9changer, c&rsquo;est bon pour tout le monde.<\/p>\n<p>[\/et_pb_text][\/et_pb_column][\/et_pb_row][et_pb_row column_structure=\u00a0\u00bb2_3,1_3&Prime; _builder_version=\u00a0\u00bb4.27.0&Prime; _module_preset=\u00a0\u00bbdefault\u00a0\u00bb min_height=\u00a0\u00bb605.4px\u00a0\u00bb custom_padding=\u00a0\u00bb11px||13px|||\u00a0\u00bb global_colors_info=\u00a0\u00bb{}\u00a0\u00bb][et_pb_column type=\u00a0\u00bb2_3&Prime; _builder_version=\u00a0\u00bb4.27.0&Prime; _module_preset=\u00a0\u00bbdefault\u00a0\u00bb global_colors_info=\u00a0\u00bb{}\u00a0\u00bb][et_pb_text _builder_version=\u00a0\u00bb4.27.5&Prime; _module_preset=\u00a0\u00bbdefault\u00a0\u00bb hover_enabled=\u00a0\u00bb0&Prime; global_colors_info=\u00a0\u00bb{}\u00a0\u00bb sticky_enabled=\u00a0\u00bb0&Prime;]<\/p>\n<p><strong>Le club<br \/><\/strong>Hors vacances scolaires, Eva revient \u00e0 Montb\u00e9liard, toutes les deux semaines. Quand elle passe au club, elle s\u2019entraine normalement, avec les autres. Elle donne des conseils aux petits, pas de soucis. Ici, tout le monde la connait comme une partenaire de club. En revanche, lorsqu\u2019elle nous accompagne pour arbitrer sur des comp\u00e9titions, les enfants des autres clubs lui demandent parfois des autographes. Il faut jouer le jeu, \u00e7a fait partie du package quand on a ce niveau.<\/p>\n<p><strong>La famille<\/strong><br \/>La maman d\u2019Eva est la secr\u00e9taire de notre club. Elle et son mari tiennent une boulangerie \u00e0 Montb\u00e9liard. Ils n\u2019ont pas d\u2019ant\u00e9c\u00e9dents sportifs particuliers. Ils sont \u00e9videmment tr\u00e8s fiers mais elle pr\u00e9f\u00e8re qu\u2019ils ne la suivent pas trop lors des comp\u00e9titions, qu\u2019ils la laissent g\u00e9rer tout \u00e7a. Mais l\u00e0, ils sont venus avec moi \u00e0 Paris et la boulangerie \u00ab La Comtoise \u00bb a ferm\u00e9 une semaine.<\/p>\n<p><strong>Un pronostic\u00a0?<br \/><\/strong>Je suis son entraineur, je suis oblig\u00e9 d\u2019y croire. Je pronostique deux m\u00e9dailles d\u2019or (rire) ! Physiquement, elle sera pr\u00eate le jour J, m\u00eame si c\u2019est la premi\u00e8re fois qu\u2019elle fait une saison aussi longue. Mais \u00e7a vaut le coup ! Mentalement, elle est pr\u00eate aussi, c\u2019est le plus important. Par \u00e9quipe, \u00e7a sera difficile avec la concurrence et notamment les Italiennes. En individuel, tout peut arriver, m\u00eame si Eva n\u2019est pas favorite, c\u2019est clair. Mais il y a une vraie possibilit\u00e9. Elle va certainement entrer en lice en 16<sup>e<\/sup> de finale. Il y a quatre matches \u00e0 gagner pour \u00eatre m\u00e9daill\u00e9e.\u00a0\u00bb<\/p>\n<p>[\/et_pb_text][\/et_pb_column][et_pb_column type=\u00a0\u00bb1_3&Prime; _builder_version=\u00a0\u00bb4.27.0&Prime; _module_preset=\u00a0\u00bbdefault\u00a0\u00bb global_colors_info=\u00a0\u00bb{}\u00a0\u00bb][et_pb_image src=\u00a0\u00bbhttps:\/\/sports.bourgognefranchecomte.fr\/wp-content\/uploads\/2024\/07\/18-ans-a-katowice-pologne.jpg\u00a0\u00bb alt=\u00a0\u00bbEva, \u00e0 18 ans, lors d&rsquo;une comp\u00e9tition internationale \u00e0 Katowice (Pologne) DR\u00a0\u00bb title_text=\u00a0\u00bbEva, \u00e0 18 ans, lors d&rsquo;une comp\u00e9tition internationale \u00e0 Katowice (Pologne) DR\u00a0\u00bb _builder_version=\u00a0\u00bb4.27.0&Prime; _module_preset=\u00a0\u00bbdefault\u00a0\u00bb custom_padding=\u00a0\u00bb||0px|||\u00a0\u00bb global_colors_info=\u00a0\u00bb{}\u00a0\u00bb][\/et_pb_image][et_pb_text _builder_version=\u00a0\u00bb4.27.0&Prime; _module_preset=\u00a0\u00bbdefault\u00a0\u00bb text_line_height=\u00a0\u00bb1.4em\u00a0\u00bb min_height=\u00a0\u00bb59.6px\u00a0\u00bb custom_margin=\u00a0\u00bb-3px||||false|false\u00a0\u00bb custom_padding=\u00a0\u00bb8px||||false|false\u00a0\u00bb global_colors_info=\u00a0\u00bb{}\u00a0\u00bb]<\/p>\n<p><em>Eva, \u00e0 18 ans, lors d&rsquo;une comp\u00e9tition internationale \u00e0 Katowice (Pologne) &#8211; DR<\/em><\/p>\n<p>[\/et_pb_text][\/et_pb_column][\/et_pb_row][et_pb_row _builder_version=\u00a0\u00bb4.27.0&Prime; _module_preset=\u00a0\u00bbdefault\u00a0\u00bb custom_padding=\u00a0\u00bb0px|||||\u00a0\u00bb global_colors_info=\u00a0\u00bb{}\u00a0\u00bb][et_pb_column type=\u00a0\u00bb4_4&Prime; _builder_version=\u00a0\u00bb4.27.0&Prime; _module_preset=\u00a0\u00bbdefault\u00a0\u00bb global_colors_info=\u00a0\u00bb{}\u00a0\u00bb][et_pb_text _builder_version=\u00a0\u00bb4.27.0&Prime; _module_preset=\u00a0\u00bbdefault\u00a0\u00bb custom_padding=\u00a0\u00bb13px|||||\u00a0\u00bb global_colors_info=\u00a0\u00bb{}\u00a0\u00bb]<\/p>\n<p>*Institut National du Sport, de l\u2019Expertise et de la Performance. C\u2019est un \u00e9tablissement public, plac\u00e9 sous la tutelle du minist\u00e8re des Sports, situ\u00e9 sur un site de 28 hectares au c\u0153ur du bois de Vincennes, qui accueille les sportifs de haut-niveau, toutes disciplines confondues, et les accompagne en mati\u00e8re d\u2019entra\u00eenement, de suivi m\u00e9dical, de recherche, de psychologique, de formation et de reconversion professionnelle.<\/p>\n<p>[\/et_pb_text][\/et_pb_column][\/et_pb_row][et_pb_row _builder_version=\u00a0\u00bb4.27.0&Prime; _module_preset=\u00a0\u00bbdefault\u00a0\u00bb custom_padding=\u00a0\u00bb20px|||||\u00a0\u00bb global_colors_info=\u00a0\u00bb{}\u00a0\u00bb][et_pb_column type=\u00a0\u00bb4_4&Prime; _builder_version=\u00a0\u00bb4.27.0&Prime; _module_preset=\u00a0\u00bbdefault\u00a0\u00bb global_colors_info=\u00a0\u00bb{}\u00a0\u00bb][et_pb_text _builder_version=\u00a0\u00bb4.27.5&Prime; _module_preset=\u00a0\u00bbdefault\u00a0\u00bb background_color=\u00a0\u00bb#dbdbdb\u00a0\u00bb global_colors_info=\u00a0\u00bb{}\u00a0\u00bb]<\/p>\n<h1><strong style=\"font-size: 16px;\">Un couple entraineur-entrain\u00e9e qui dure<\/strong><br \/><strong><\/strong><\/h1>\n<h2><strong><\/strong><\/h2>\n<p>Jean-Louis Petitot, 36 ans, se d\u00e9crit comme un ancien escrimeur de petit niveau international. Il tirait \u00e0 l\u2019ASM Belfort, devenu maintenant Belfort escrime. Il a obtenu quelques m\u00e9dailles en coupe du monde mais jamais de s\u00e9lection en Equipe de France A, avant d\u2019arr\u00eater la comp\u00e9tition en junior. Etudiant en g\u00e9ologie \u00e0 Besan\u00e7on, il donnait des cours aux petits, aimait bien \u00e7a et un jour, le club de Montb\u00e9liard, qui cherchait un entraineur, lui a propos\u00e9 de lui payer sa formation et de l\u2019embaucher ensuite. Il est aujourd\u2019hui maitre d\u2019armes, dipl\u00f4m\u00e9 d\u2019\u00e9tat. Et toujours aux c\u00f4t\u00e9s de Eva, 15 ans apr\u00e8s les d\u00e9buts de la Montb\u00e9liardaise.<\/p>\n<p>&nbsp;<\/p>\n<p>[\/et_pb_text][\/et_pb_column][\/et_pb_row][\/et_pb_section]<\/p>\n","protected":false},"excerpt":{"rendered":"<p>Samedi 27 juillet 2024 &#8211;<br \/>\nLa fleurettiste montb\u00e9liardaise Eva Lacheray, 24 ans, participera \u00e0 l\u2019\u00e9preuve individuelle et \u00e0 l\u2019\u00e9preuve par \u00e9quipe filles. Jean-Louis Petitot, son entraineur de toujours, connait la jeune athl\u00e8te mieux que personne. Il nous raconte \u00ab\u00a0son\u00a0\u00bb Eva.<\/p>\n","protected":false},"author":6,"featured_media":4033,"comment_status":"closed","ping_status":"open","sticky":false,"template":"","format":"standard","meta":{"_et_pb_use_builder":"on","_et_pb_old_content":"","_et_gb_content_width":"","footnotes":""},"categories":[25],"tags":[],"class_list":["post-3991","post","type-post","status-publish","format-standard","has-post-thumbnail","hentry","category-actus"],"publishpress_future_action":{"enabled":false,"date":"2026-05-06 15:13:14","action":"change-status","newStatus":"private","terms":[],"taxonomy":"category","extraData":[]},"publishpress_future_workflow_manual_trigger":{"enabledWorkflows":[]},"_links":{"self":[{"href":"https:\/\/sports.bourgognefranchecomte.fr\/index.php\/wp-json\/wp\/v2\/posts\/3991","targetHints":{"allow":["GET"]}}],"collection":[{"href":"https:\/\/sports.bourgognefranchecomte.fr\/index.php\/wp-json\/wp\/v2\/posts"}],"about":[{"href":"https:\/\/sports.bourgognefranchecomte.fr\/index.php\/wp-json\/wp\/v2\/types\/post"}],"author":[{"embeddable":true,"href":"https:\/\/sports.bourgognefranchecomte.fr\/index.php\/wp-json\/wp\/v2\/users\/6"}],"replies":[{"embeddable":true,"href":"https:\/\/sports.bourgognefranchecomte.fr\/index.php\/wp-json\/wp\/v2\/comments?post=3991"}],"version-history":[{"count":22,"href":"https:\/\/sports.bourgognefranchecomte.fr\/index.php\/wp-json\/wp\/v2\/posts\/3991\/revisions"}],"predecessor-version":[{"id":5962,"href":"https:\/\/sports.bourgognefranchecomte.fr\/index.php\/wp-json\/wp\/v2\/posts\/3991\/revisions\/5962"}],"wp:featuredmedia":[{"embeddable":true,"href":"https:\/\/sports.bourgognefranchecomte.fr\/index.php\/wp-json\/wp\/v2\/media\/4033"}],"wp:attachment":[{"href":"https:\/\/sports.bourgognefranchecomte.fr\/index.php\/wp-json\/wp\/v2\/media?parent=3991"}],"wp:term":[{"taxonomy":"category","embeddable":true,"href":"https:\/\/sports.bourgognefranchecomte.fr\/index.php\/wp-json\/wp\/v2\/categories?post=3991"},{"taxonomy":"post_tag","embeddable":true,"href":"https:\/\/sports.bourgognefranchecomte.fr\/index.php\/wp-json\/wp\/v2\/tags?post=3991"}],"curies":[{"name":"wp","href":"https:\/\/api.w.org\/{rel}","templated":true}]}}