{"id":5221,"date":"2026-01-08T21:17:26","date_gmt":"2026-01-08T19:17:26","guid":{"rendered":"https:\/\/sports.bourgognefranchecomte.fr\/?p=5221"},"modified":"2026-01-27T12:40:57","modified_gmt":"2026-01-27T10:40:57","slug":"mael-tyrode-la-force-tranquille","status":"publish","type":"post","link":"https:\/\/sports.bourgognefranchecomte.fr\/index.php\/mael-tyrode-la-force-tranquille\/","title":{"rendered":"Ma\u00ebl TYRODE, la force tranquille"},"content":{"rendered":"<p>[et_pb_section fb_built=\u00a0\u00bb1&Prime; _builder_version=\u00a0\u00bb4.27.0&Prime; _module_preset=\u00a0\u00bbdefault\u00a0\u00bb custom_margin=\u00a0\u00bb-9px|||||\u00a0\u00bb global_colors_info=\u00a0\u00bb{}\u00a0\u00bb][et_pb_row _builder_version=\u00a0\u00bb4.27.0&Prime; _module_preset=\u00a0\u00bbdefault\u00a0\u00bb custom_margin=\u00a0\u00bb|auto|26px|auto||\u00a0\u00bb custom_padding=\u00a0\u00bb||5px|||\u00a0\u00bb global_colors_info=\u00a0\u00bb{}\u00a0\u00bb][et_pb_column type=\u00a0\u00bb4_4&Prime; _builder_version=\u00a0\u00bb4.27.0&Prime; _module_preset=\u00a0\u00bbdefault\u00a0\u00bb global_colors_info=\u00a0\u00bb{}\u00a0\u00bb][et_pb_text _builder_version=\u00a0\u00bb4.27.5&Prime; _module_preset=\u00a0\u00bbdefault\u00a0\u00bb min_height=\u00a0\u00bb462.8px\u00a0\u00bb custom_margin=\u00a0\u00bb-37px|||||\u00a0\u00bb global_colors_info=\u00a0\u00bb{}\u00a0\u00bb]<\/p>\n<p><strong>\u00c0 25 ans, Ma\u00ebl TYRODE trace sa route avec patience. Entre coups d\u2019\u00e9clats et coups de moins bien, il cultive son profil montagnard digne de ses montagnes du Jura natales.<\/strong><\/p>\n<p>N\u00e9 le 31 juillet 2000 \u00e0 Pontarlier, Ma\u00ebl grandit \u00e0 proximit\u00e9 de son club, le Ski Club Les Fourgs. Le combin\u00e9 nordique coule dans ses veines. D\u00e8s ses d\u00e9buts, il se d\u00e9marque par sa constance : podiums d\u00e8s les cat\u00e9gories jeunes, notamment une superbe deuxi\u00e8me place par \u00e9quipe lors des mondiaux juniors. Sa capacit\u00e9 \u00e0 combiner puissance en ski et tenue en saut fait de lui un athl\u00e8te redoutable.<\/p>\n<p><strong>Un cap de performance franchi en 2025<br \/><\/strong>Son gros coup intervient en d\u00e9cembre 2025, sur la coupe continentale de Ruka (Finlande). Parti 19\u1d49 sur le fond, \u00e0 1 minute 21 du leader, Ma\u00ebl remonte progressivement, finissant 6\u1d49, \u00e0 seulement 7 secondes du podium. Un cap est franchi.<\/p>\n<p><strong>De nouvelles ambitions\u00a0?<br \/><\/strong>Avec 16 d\u00e9parts en Coupe du monde (meilleur classement : 31\u1d49 \u00e0 Lahti en mars 2025), Ma\u00ebl vise d\u00e9sormais une stabilisation parmi les 30 meilleurs mondiaux. L\u2019exp\u00e9rience accumul\u00e9e, ajout\u00e9e \u00e0 un potentiel \u00e9vident, laisse entrevoir de belles perspectives. Tellement belles qu&rsquo;il vient de d\u00e9crocher sa s\u00e9lection en \u00e9quipe de France pour Milan Cortina !<\/p>\n<p><strong> <\/strong><\/p>\n<p><strong><\/strong><\/p>\n<p>[\/et_pb_text][\/et_pb_column][\/et_pb_row][et_pb_row _builder_version=\u00a0\u00bb4.27.5&Prime; _module_preset=\u00a0\u00bbdefault\u00a0\u00bb min_height=\u00a0\u00bb129px\u00a0\u00bb custom_margin=\u00a0\u00bb8px|auto||auto||\u00a0\u00bb custom_padding=\u00a0\u00bb||0px|||\u00a0\u00bb border_color_all=\u00a0\u00bbgcid-primary-color\u00a0\u00bb global_colors_info=\u00a0\u00bb{%22gcid-primary-color%22:%91%22border_color_all%22%93}\u00a0\u00bb][et_pb_column type=\u00a0\u00bb4_4&Prime; _builder_version=\u00a0\u00bb4.27.5&Prime; _module_preset=\u00a0\u00bbdefault\u00a0\u00bb global_colors_info=\u00a0\u00bb{}\u00a0\u00bb][et_pb_text _builder_version=\u00a0\u00bb4.27.5&Prime; _module_preset=\u00a0\u00bbdefault\u00a0\u00bb background_color=\u00a0\u00bbgcid-primary-color\u00a0\u00bb min_height=\u00a0\u00bb62px\u00a0\u00bb custom_margin=\u00a0\u00bb|0px|||false|false\u00a0\u00bb custom_padding=\u00a0\u00bb|0px|||false|false\u00a0\u00bb border_width_all=\u00a0\u00bb10px\u00a0\u00bb border_color_all=\u00a0\u00bbgcid-primary-color\u00a0\u00bb global_colors_info=\u00a0\u00bb{%22gcid-primary-color%22:%91%22background_color%22,%22border_color_all%22%93}\u00a0\u00bb]<\/p>\n<h5><span style=\"color: #ffffff;\"><strong><\/strong><\/span><\/h5>\n<h5><span style=\"color: #ffffff;\"><strong>Aide<\/strong><\/span><span style=\"color: #ffffff;\"><strong>\u00a0de la R\u00e9gion en 2025-2026<\/strong><\/span><\/h5>\n<p><span style=\"color: #ffffff;\">Financement de mat\u00e9riel (chaussures de saut et skis)<\/span><\/p>\n<h5><span style=\"color: #ffffff;\"><\/span><\/h5>\n<p>[\/et_pb_text][\/et_pb_column][\/et_pb_row][\/et_pb_section][et_pb_section fb_built=\u00a0\u00bb1&Prime; _builder_version=\u00a0\u00bb4.27.5&Prime; _module_preset=\u00a0\u00bbdefault\u00a0\u00bb saved_tabs=\u00a0\u00bball\u00a0\u00bb global_colors_info=\u00a0\u00bb{}\u00a0\u00bb global_module=\u00a0\u00bb5815&Prime; theme_builder_area=\u00a0\u00bbpost_content\u00a0\u00bb][\/et_pb_section]<\/p>\n","protected":false},"excerpt":{"rendered":"<p>\u00c0 25 ans, Ma\u00ebl TYRODE trace sa route avec patience. Entre coups d\u2019\u00e9clats et coups de moins bien, il cultive son profil montagnard digne de ses montagnes du Jura natales. N\u00e9 le 31 juillet 2000 \u00e0 Pontarlier, Ma\u00ebl grandit \u00e0 proximit\u00e9 de son club, le Ski Club Les Fourgs. Le combin\u00e9 nordique coule dans ses [&hellip;]<\/p>\n","protected":false},"author":6,"featured_media":5264,"comment_status":"open","ping_status":"closed","sticky":false,"template":"","format":"standard","meta":{"_et_pb_use_builder":"on","_et_pb_old_content":"","_et_gb_content_width":"","footnotes":""},"categories":[35],"tags":[45,31],"class_list":["post-5221","post","type-post","status-publish","format-standard","has-post-thumbnail","hentry","category-combine-nordique","tag-encouragez-le","tag-qualifie"],"publishpress_future_action":{"enabled":false,"date":"2026-05-07 21:29:39","action":"change-status","newStatus":"private","terms":[],"taxonomy":"category","extraData":[]},"publishpress_future_workflow_manual_trigger":{"enabledWorkflows":[]},"_links":{"self":[{"href":"https:\/\/sports.bourgognefranchecomte.fr\/index.php\/wp-json\/wp\/v2\/posts\/5221","targetHints":{"allow":["GET"]}}],"collection":[{"href":"https:\/\/sports.bourgognefranchecomte.fr\/index.php\/wp-json\/wp\/v2\/posts"}],"about":[{"href":"https:\/\/sports.bourgognefranchecomte.fr\/index.php\/wp-json\/wp\/v2\/types\/post"}],"author":[{"embeddable":true,"href":"https:\/\/sports.bourgognefranchecomte.fr\/index.php\/wp-json\/wp\/v2\/users\/6"}],"replies":[{"embeddable":true,"href":"https:\/\/sports.bourgognefranchecomte.fr\/index.php\/wp-json\/wp\/v2\/comments?post=5221"}],"version-history":[{"count":6,"href":"https:\/\/sports.bourgognefranchecomte.fr\/index.php\/wp-json\/wp\/v2\/posts\/5221\/revisions"}],"predecessor-version":[{"id":5853,"href":"https:\/\/sports.bourgognefranchecomte.fr\/index.php\/wp-json\/wp\/v2\/posts\/5221\/revisions\/5853"}],"wp:featuredmedia":[{"embeddable":true,"href":"https:\/\/sports.bourgognefranchecomte.fr\/index.php\/wp-json\/wp\/v2\/media\/5264"}],"wp:attachment":[{"href":"https:\/\/sports.bourgognefranchecomte.fr\/index.php\/wp-json\/wp\/v2\/media?parent=5221"}],"wp:term":[{"taxonomy":"category","embeddable":true,"href":"https:\/\/sports.bourgognefranchecomte.fr\/index.php\/wp-json\/wp\/v2\/categories?post=5221"},{"taxonomy":"post_tag","embeddable":true,"href":"https:\/\/sports.bourgognefranchecomte.fr\/index.php\/wp-json\/wp\/v2\/tags?post=5221"}],"curies":[{"name":"wp","href":"https:\/\/api.w.org\/{rel}","templated":true}]}}