{"id":5524,"date":"2026-01-20T11:57:26","date_gmt":"2026-01-20T09:57:26","guid":{"rendered":"https:\/\/sports.bourgognefranchecomte.fr\/?p=5524"},"modified":"2026-01-27T12:32:56","modified_gmt":"2026-01-27T10:32:56","slug":"elle-ose-josephine-pagnier","status":"publish","type":"post","link":"https:\/\/sports.bourgognefranchecomte.fr\/index.php\/elle-ose-josephine-pagnier\/","title":{"rendered":"Elle ose, Jos\u00e9phine PAGNIER"},"content":{"rendered":"<p>[et_pb_section fb_built=\u00a0\u00bb1&Prime; _builder_version=\u00a0\u00bb4.27.5&Prime; _module_preset=\u00a0\u00bbdefault\u00a0\u00bb custom_margin=\u00a0\u00bb0px||||false|false\u00a0\u00bb global_colors_info=\u00a0\u00bb{}\u00a0\u00bb][et_pb_row _builder_version=\u00a0\u00bb4.27.0&Prime; _module_preset=\u00a0\u00bbdefault\u00a0\u00bb custom_margin=\u00a0\u00bb|auto|26px|auto||\u00a0\u00bb global_colors_info=\u00a0\u00bb{}\u00a0\u00bb][et_pb_column type=\u00a0\u00bb4_4&Prime; _builder_version=\u00a0\u00bb4.27.0&Prime; _module_preset=\u00a0\u00bbdefault\u00a0\u00bb global_colors_info=\u00a0\u00bb{}\u00a0\u00bb][et_pb_text _builder_version=\u00a0\u00bb4.27.5&Prime; _module_preset=\u00a0\u00bbdefault\u00a0\u00bb min_height=\u00a0\u00bb462.8px\u00a0\u00bb custom_margin=\u00a0\u00bb-37px|||||\u00a0\u00bb global_colors_info=\u00a0\u00bb{}\u00a0\u00bb]<\/p>\n<p><strong>Lucide et ambitieuse, la recordwoman de France de saut pense depuis un moment \u00e0 Milan Cortina 2026.Ca tombe bien, elle en sera !<\/strong><\/p>\n<p>Jos\u00e9phine PAGNIER d\u00e9tient le record de France de saut \u00e0 ski. Le 17\u202fmars\u202f2024, la native de Pontarlier a r\u00e9alis\u00e9 une marque de 181 m\u00e8tres, lors d\u2019un concours \u00e0 Vikersund, en Norv\u00e8ge. Un moment suspendu dans les airs qu\u2019elle peine \u00e0 transcrire avec des mots. <em>\u00ab La sensation, quand on vole, est indescriptible. On n&rsquo;a pas l&rsquo;impression de tomber. Avec nos grands skis, notre corps, on arrive vraiment \u00e0 s&rsquo;\u00e9taler, \u00e0 cr\u00e9er de la vitesse, \u00e0 s&rsquo;\u00e9loigner du relief. \u00c7a donne vraiment l&rsquo;impression de planer et c&rsquo;est ce que j&rsquo;adore dans mon sport \u00bb <\/em>s\u2019enthousiasme Jos\u00e9phine.<br \/><em>A 23 ans, le petit gabarit de 53<\/em>\u202fkg licenci\u00e9 au Risoux\u2011Club de Chaux\u2011Neuve \u00ab\u00a0kiffe\u00a0\u00bb ces dix secondes fantastiques, cinq de prise d&rsquo;\u00e9lan, cinq de vol. <em>\u00ab C&rsquo;est un instant magique et \u00e9ph\u00e9m\u00e8re\u00a0! Mais la gravit\u00e9 nous rattrape quand m\u00eame \u00bb.<\/em><\/p>\n<p><strong>Une \u00e9closion express<br \/><\/strong>Jos\u00e9phine baigne dans le ski et dans le saut depuis son enfance, et pour cause, son papa \u00e9tait alors responsable des tremplins de Chaux-Neuve, haut lieu du circuit de combin\u00e9 nordique, avec ses manches de coupe du monde inoubliables. C\u2019\u00e9tait la grande \u00e9poque, avec Jason LAMY CHAPPUIS en superstar sur ses terres. Et sa grand-m\u00e8re pratiquait d\u00e9j\u00e0 le saut \u00e0 ski, alors interdit aux femmes !<br \/>A 15 ans, en 2018, elle a marqu\u00e9 son premier point en Coupe du monde. Deux ans plus tard, elle a d\u00e9croch\u00e9 la m\u00e9daille d&rsquo;argent aux Jeux de la Jeunesse, \u00e0 Lausanne, avant de prendre la 11<sup>e<\/sup> place aux JO de P\u00e9kin 2022. Puis fin 2023, elle a d\u00e9croch\u00e9 ses deux premi\u00e8res victoires en Coupe du monde. Et en 2026\u00a0? <em>\u00ab J&rsquo;y pense, bien s\u00fbr. Il faudra \u00eatre pr\u00eate, au contact de la meute, et cela risque de se jouer sur des d\u00e9tails. \u00bb<\/em><\/p>\n<p><em><\/em><\/p>\n<p>[\/et_pb_text][et_pb_text _builder_version=\u00a0\u00bb4.27.5&Prime; _module_preset=\u00a0\u00bbdefault\u00a0\u00bb background_color=\u00a0\u00bbgcid-primary-color\u00a0\u00bb min_height=\u00a0\u00bb62px\u00a0\u00bb custom_margin=\u00a0\u00bb|0px|||false|false\u00a0\u00bb custom_padding=\u00a0\u00bb|0px|||false|false\u00a0\u00bb border_width_all=\u00a0\u00bb10px\u00a0\u00bb border_color_all=\u00a0\u00bbgcid-primary-color\u00a0\u00bb locked=\u00a0\u00bboff\u00a0\u00bb global_colors_info=\u00a0\u00bb{%22gcid-primary-color%22:%91%22background_color%22,%22border_color_all%22%93}\u00a0\u00bb]<\/p>\n<h5><span style=\"color: #ffffff;\"><strong><\/strong><\/span><\/h5>\n<h5><span style=\"color: #ffffff;\"><strong>Aide<\/strong><strong>\u00a0de la R\u00e9gion en 2025-2026<\/strong><\/span><\/h5>\n<p><span style=\"color: #ffffff;\">Accompagnement psychologique<\/span><\/p>\n<p>[\/et_pb_text][\/et_pb_column][\/et_pb_row][\/et_pb_section][et_pb_section fb_built=\u00a0\u00bb1&Prime; _builder_version=\u00a0\u00bb4.27.5&Prime; _module_preset=\u00a0\u00bbdefault\u00a0\u00bb saved_tabs=\u00a0\u00bball\u00a0\u00bb global_colors_info=\u00a0\u00bb{}\u00a0\u00bb global_module=\u00a0\u00bb5815&Prime; theme_builder_area=\u00a0\u00bbpost_content\u00a0\u00bb][et_pb_row _builder_version=\u00a0\u00bb4.27.5&Prime; _module_preset=\u00a0\u00bbdefault\u00a0\u00bb global_colors_info=\u00a0\u00bb{}\u00a0\u00bb theme_builder_area=\u00a0\u00bbpost_content\u00a0\u00bb][et_pb_column type=\u00a0\u00bb4_4&Prime; _builder_version=\u00a0\u00bb4.27.5&Prime; _module_preset=\u00a0\u00bbdefault\u00a0\u00bb global_colors_info=\u00a0\u00bb{}\u00a0\u00bb theme_builder_area=\u00a0\u00bbpost_content\u00a0\u00bb][et_pb_comments _builder_version=\u00a0\u00bb4.27.5&Prime; _module_preset=\u00a0\u00bbdefault\u00a0\u00bb global_colors_info=\u00a0\u00bb{}\u00a0\u00bb theme_builder_area=\u00a0\u00bbpost_content\u00a0\u00bb][\/et_pb_comments][\/et_pb_column][\/et_pb_row][\/et_pb_section]<\/p>\n","protected":false},"excerpt":{"rendered":"<p>Lucide et ambitieuse, la recordwoman de France de saut pense depuis un moment \u00e0 Milan Cortina 2026.Ca tombe bien, elle en sera ! Jos\u00e9phine PAGNIER d\u00e9tient le record de France de saut \u00e0 ski. Le 17\u202fmars\u202f2024, la native de Pontarlier a r\u00e9alis\u00e9 une marque de 181 m\u00e8tres, lors d\u2019un concours \u00e0 Vikersund, en Norv\u00e8ge. Un [&hellip;]<\/p>\n","protected":false},"author":6,"featured_media":5526,"comment_status":"open","ping_status":"closed","sticky":false,"template":"","format":"standard","meta":{"_et_pb_use_builder":"on","_et_pb_old_content":"","_et_gb_content_width":"","footnotes":""},"categories":[36],"tags":[44,34,33],"class_list":["post-5524","post","type-post","status-publish","format-standard","has-post-thumbnail","hentry","category-saut-a-ski","tag-encouragez-la","tag-qualifiee","tag-tampon-a-droite"],"publishpress_future_action":{"enabled":false,"date":"2026-05-07 00:00:08","action":"change-status","newStatus":"private","terms":[],"taxonomy":"category","extraData":[]},"publishpress_future_workflow_manual_trigger":{"enabledWorkflows":[]},"_links":{"self":[{"href":"https:\/\/sports.bourgognefranchecomte.fr\/index.php\/wp-json\/wp\/v2\/posts\/5524","targetHints":{"allow":["GET"]}}],"collection":[{"href":"https:\/\/sports.bourgognefranchecomte.fr\/index.php\/wp-json\/wp\/v2\/posts"}],"about":[{"href":"https:\/\/sports.bourgognefranchecomte.fr\/index.php\/wp-json\/wp\/v2\/types\/post"}],"author":[{"embeddable":true,"href":"https:\/\/sports.bourgognefranchecomte.fr\/index.php\/wp-json\/wp\/v2\/users\/6"}],"replies":[{"embeddable":true,"href":"https:\/\/sports.bourgognefranchecomte.fr\/index.php\/wp-json\/wp\/v2\/comments?post=5524"}],"version-history":[{"count":5,"href":"https:\/\/sports.bourgognefranchecomte.fr\/index.php\/wp-json\/wp\/v2\/posts\/5524\/revisions"}],"predecessor-version":[{"id":5838,"href":"https:\/\/sports.bourgognefranchecomte.fr\/index.php\/wp-json\/wp\/v2\/posts\/5524\/revisions\/5838"}],"wp:featuredmedia":[{"embeddable":true,"href":"https:\/\/sports.bourgognefranchecomte.fr\/index.php\/wp-json\/wp\/v2\/media\/5526"}],"wp:attachment":[{"href":"https:\/\/sports.bourgognefranchecomte.fr\/index.php\/wp-json\/wp\/v2\/media?parent=5524"}],"wp:term":[{"taxonomy":"category","embeddable":true,"href":"https:\/\/sports.bourgognefranchecomte.fr\/index.php\/wp-json\/wp\/v2\/categories?post=5524"},{"taxonomy":"post_tag","embeddable":true,"href":"https:\/\/sports.bourgognefranchecomte.fr\/index.php\/wp-json\/wp\/v2\/tags?post=5524"}],"curies":[{"name":"wp","href":"https:\/\/api.w.org\/{rel}","templated":true}]}}